{"id":1005,"date":"2016-03-23T17:48:42","date_gmt":"2016-03-23T17:48:42","guid":{"rendered":"http:\/\/www.awo-penzberg.de\/?p=1005"},"modified":"2016-03-27T12:15:59","modified_gmt":"2016-03-27T12:15:59","slug":"zeitungsbericht-von-der-awo-hauptversammlung","status":"publish","type":"post","link":"http:\/\/www.awo-penzberg.de\/?p=1005","title":{"rendered":"Zeitungsbericht von der AWO Hauptversammlung"},"content":{"rendered":"<p>Hier haben wir f\u00fcr Sie noch einen Bericht aus dem Gelben Blatt Penzberg \u00fcber unsere AWO Hauptversammlung f\u00fcr Sie zum Nachlesen.<br \/>\nWir danken unserem neuen Vorstand und freuen uns auf weitere 4 gemeinsame tatenreiche Jahre.<br \/>\nEbenso danken wir Frau Evi Mummert f\u00fcr die vielen Jahre gemeinsamer AWO Arbeit im Ortsverein Penzberg. Frau Mummert war \u00fcber viele Jahre in versch. \u00c4mtern in der AWO t\u00e4tig und daf\u00fcr geb\u00fchrt Ihr ein herzliches Dankesch\u00f6n.<\/p>\n<p><a href=\"http:\/\/www.awo-penzberg.de\/wp-content\/uploads\/2016\/03\/image-e1458289548179.jpeg\"><img loading=\"lazy\" class=\"alignnone size-medium wp-image-1006\" src=\"http:\/\/www.awo-penzberg.de\/wp-content\/uploads\/2016\/03\/image-e1458289548179-259x300.jpeg\" alt=\"image\" width=\"259\" height=\"300\" srcset=\"http:\/\/www.awo-penzberg.de\/wp-content\/uploads\/2016\/03\/image-e1458289548179-259x300.jpeg 259w, http:\/\/www.awo-penzberg.de\/wp-content\/uploads\/2016\/03\/image-e1458289548179-884x1024.jpeg 884w, http:\/\/www.awo-penzberg.de\/wp-content\/uploads\/2016\/03\/image-e1458289548179-624x723.jpeg 624w, http:\/\/www.awo-penzberg.de\/wp-content\/uploads\/2016\/03\/image-e1458289548179.jpeg 1544w\" sizes=\"(max-width: 259px) 100vw, 259px\" \/><\/a><\/p>\n","protected":false},"excerpt":{"rendered":"<p>Hier haben wir f\u00fcr Sie noch einen Bericht aus dem Gelben Blatt Penzberg \u00fcber unsere AWO Hauptversammlung f\u00fcr Sie zum Nachlesen. Wir danken unserem neuen Vorstand und freuen uns auf weitere 4 gemeinsame tatenreiche Jahre. Ebenso danken wir Frau Evi Mummert f\u00fcr die vielen Jahre gemeinsamer AWO Arbeit im Ortsverein Penzberg. Frau Mummert war \u00fcber [&hellip;]<\/p>\n","protected":false},"author":3,"featured_media":0,"comment_status":"closed","ping_status":"closed","sticky":false,"template":"","format":"standard","meta":[],"categories":[2],"tags":[],"_links":{"self":[{"href":"http:\/\/www.awo-penzberg.de\/index.php?rest_route=\/wp\/v2\/posts\/1005"}],"collection":[{"href":"http:\/\/www.awo-penzberg.de\/index.php?rest_route=\/wp\/v2\/posts"}],"about":[{"href":"http:\/\/www.awo-penzberg.de\/index.php?rest_route=\/wp\/v2\/types\/post"}],"author":[{"embeddable":true,"href":"http:\/\/www.awo-penzberg.de\/index.php?rest_route=\/wp\/v2\/users\/3"}],"replies":[{"embeddable":true,"href":"http:\/\/www.awo-penzberg.de\/index.php?rest_route=%2Fwp%2Fv2%2Fcomments&post=1005"}],"version-history":[{"count":3,"href":"http:\/\/www.awo-penzberg.de\/index.php?rest_route=\/wp\/v2\/posts\/1005\/revisions"}],"predecessor-version":[{"id":1032,"href":"http:\/\/www.awo-penzberg.de\/index.php?rest_route=\/wp\/v2\/posts\/1005\/revisions\/1032"}],"wp:attachment":[{"href":"http:\/\/www.awo-penzberg.de\/index.php?rest_route=%2Fwp%2Fv2%2Fmedia&parent=1005"}],"wp:term":[{"taxonomy":"category","embeddable":true,"href":"http:\/\/www.awo-penzberg.de\/index.php?rest_route=%2Fwp%2Fv2%2Fcategories&post=1005"},{"taxonomy":"post_tag","embeddable":true,"href":"http:\/\/www.awo-penzberg.de\/index.php?rest_route=%2Fwp%2Fv2%2Ftags&post=1005"}],"curies":[{"name":"wp","href":"https:\/\/api.w.org\/{rel}","templated":true}]}}