{"id":1109,"date":"2016-06-13T06:32:27","date_gmt":"2016-06-13T06:32:27","guid":{"rendered":"http:\/\/www.awo-penzberg.de\/?p=1109"},"modified":"2016-07-20T18:33:36","modified_gmt":"2016-07-20T18:33:36","slug":"awo-sternfahrt-2016","status":"publish","type":"post","link":"http:\/\/www.awo-penzberg.de\/?p=1109","title":{"rendered":"AWO Sternfahrt 2016"},"content":{"rendered":"<p>Sternfahrt der AWO<\/p>\n<p>Der Arbeiterwohlfahrt Kreisverband Weilheim-Schongau e.V. l\u00e4dt die Mitglieder des AWO Ortsvereins Penzberg e.V. ganz herzlich zum gemeinsamen<br \/>\n<strong>Seniorentag, am 02. Juli 2016, nach Weilheim in die Stadthalle ein.<\/strong><\/p>\n<p>F\u00fcr diese Sternfahrt hat der AWO- Ortsverein Penzberg einen modernen Reisebus gemietet, damit m\u00f6glichst viele Mitglieder und Freunde des Ortsvereins an dieser Sternfahrt teilnehmen k\u00f6nnen.<\/p>\n<p><strong>Abfahrt in Penzberg ist um 12.30 Uhr am Rathaus<\/strong><br \/>\nWeitere Zustiegsm\u00f6glichkeiten sind: AWO- Seniorenzentrum, Seilscheibe (Bergwerksrad), Heinz und die Bushaltestelle in Steigenberg.<\/p>\n<p>Ab 13 Uhr ist der Einlass in der Stadthalle. Das Programm beginnt um 14.00 Uhr mit einer Begr\u00fc\u00dfung der AWO- Mitglieder durch den AWO Kreisvorsitzenden, Herrn Michael Asam, und den Ersten B\u00fcrgermeister der Stadt Weilheim, Herrn Markus Loth. Daran anschlie\u00dfend wartet auf Mitglieder der verschiedenen Ortsvereine des Kreisverbandes ein buntes Unterhaltungsprogramm; ua. Mit dem Musiker Wolfgang Malner und dem Liedermacher Sepp Raith. Bei Kaffee und Kuchen werden in gem\u00fctlicher Runde Neuigkeiten untereinander ausgetauscht.<\/p>\n<p>Der Teilnehmerbeitrag betr\u00e4gt 3 \u20ac pro Person.<\/p>\n<p>Die Vorstandschaft l\u00e4dt alle AWO Mitglieder des Ortsvereins Penzberg ganz herzlich zu dieser Veranstaltung ein und freut sich \u00fcber eine rege Teilnahme.<\/p>\n<p>Wer Interesse an dieser Veranstaltung hat, kann die Anmeldung hierf\u00fcr ab sofort bei der Ortsvorsitzenden, Ute Frohwein-Sendl, T.08856\/803907 erhalten oder \u00fcber das Internet unter www.awo-penzberg.de herunterladen. Anmeldeschluss ist der 28. Juni 2016.<\/p>\n<p>Mit freundlichen Gr\u00fc\u00dfen<\/p>\n<p>Ute Frohwein-Sendl<br \/>\n1. Vorsitzende<\/p>\n","protected":false},"excerpt":{"rendered":"<p>Sternfahrt der AWO Der Arbeiterwohlfahrt Kreisverband Weilheim-Schongau e.V. l\u00e4dt die Mitglieder des AWO Ortsvereins Penzberg e.V. ganz herzlich zum gemeinsamen Seniorentag, am 02. Juli 2016, nach Weilheim in die Stadthalle ein. F\u00fcr diese Sternfahrt hat der AWO- Ortsverein Penzberg einen modernen Reisebus gemietet, damit m\u00f6glichst viele Mitglieder und Freunde des Ortsvereins an dieser Sternfahrt teilnehmen [&hellip;]<\/p>\n","protected":false},"author":3,"featured_media":0,"comment_status":"closed","ping_status":"closed","sticky":false,"template":"","format":"standard","meta":[],"categories":[2],"tags":[],"_links":{"self":[{"href":"http:\/\/www.awo-penzberg.de\/index.php?rest_route=\/wp\/v2\/posts\/1109"}],"collection":[{"href":"http:\/\/www.awo-penzberg.de\/index.php?rest_route=\/wp\/v2\/posts"}],"about":[{"href":"http:\/\/www.awo-penzberg.de\/index.php?rest_route=\/wp\/v2\/types\/post"}],"author":[{"embeddable":true,"href":"http:\/\/www.awo-penzberg.de\/index.php?rest_route=\/wp\/v2\/users\/3"}],"replies":[{"embeddable":true,"href":"http:\/\/www.awo-penzberg.de\/index.php?rest_route=%2Fwp%2Fv2%2Fcomments&post=1109"}],"version-history":[{"count":2,"href":"http:\/\/www.awo-penzberg.de\/index.php?rest_route=\/wp\/v2\/posts\/1109\/revisions"}],"predecessor-version":[{"id":1111,"href":"http:\/\/www.awo-penzberg.de\/index.php?rest_route=\/wp\/v2\/posts\/1109\/revisions\/1111"}],"wp:attachment":[{"href":"http:\/\/www.awo-penzberg.de\/index.php?rest_route=%2Fwp%2Fv2%2Fmedia&parent=1109"}],"wp:term":[{"taxonomy":"category","embeddable":true,"href":"http:\/\/www.awo-penzberg.de\/index.php?rest_route=%2Fwp%2Fv2%2Fcategories&post=1109"},{"taxonomy":"post_tag","embeddable":true,"href":"http:\/\/www.awo-penzberg.de\/index.php?rest_route=%2Fwp%2Fv2%2Ftags&post=1109"}],"curies":[{"name":"wp","href":"https:\/\/api.w.org\/{rel}","templated":true}]}}