{"id":1214,"date":"2016-11-27T12:23:48","date_gmt":"2016-11-27T10:23:48","guid":{"rendered":"http:\/\/www.awo-penzberg.de\/?p=1214"},"modified":"2016-12-28T15:45:56","modified_gmt":"2016-12-28T13:45:56","slug":"1214","status":"publish","type":"post","link":"http:\/\/www.awo-penzberg.de\/?p=1214","title":{"rendered":"AWO Adventsfeier 2016"},"content":{"rendered":"<p><strong><u>Adventfeier mit Jubilarehrung<\/u><\/strong><\/p>\n<p style=\"text-align: left\">Die Adventfeier mit Jubilarehrung findet am<br \/>\n<strong>Samstag, den 03. Dezember<\/strong><br \/>\nin der <strong>Aula der B\u00fcrgermeister Prandl-Schule<\/strong> statt.<br \/>\n<strong>Beginn ist um 14 Uhr<\/strong>.<br \/>\nEingeladen sind die Mitglieder, Freunde und G\u00f6nner unseres Ortsvereins.<\/p>\n<p>F\u00fcr diesen Nachmittag haben wir wieder ein Programm zusammengestellt, von dem wir \u00fcberzeugt sind, dass es auch f\u00fcr unsere Jubilare, die wir an diesem Tag ehren wollen, einen w\u00fcrdigen Rahmen bietet. F\u00fcr die musikalische Unterhaltung werden wie in den vergangen\u00a0 Jahren wieder die Geschwister Merk aus Gai\u00dfach sorgen.<\/p>\n<p>Wir freuen uns auf Ihr Kommen!<\/p>\n","protected":false},"excerpt":{"rendered":"<p>Adventfeier mit Jubilarehrung Die Adventfeier mit Jubilarehrung findet am Samstag, den 03. Dezember in der Aula der B\u00fcrgermeister Prandl-Schule statt. Beginn ist um 14 Uhr. Eingeladen sind die Mitglieder, Freunde und G\u00f6nner unseres Ortsvereins. F\u00fcr diesen Nachmittag haben wir wieder ein Programm zusammengestellt, von dem wir \u00fcberzeugt sind, dass es auch f\u00fcr unsere Jubilare, die [&hellip;]<\/p>\n","protected":false},"author":3,"featured_media":0,"comment_status":"closed","ping_status":"closed","sticky":false,"template":"","format":"standard","meta":[],"categories":[2],"tags":[],"_links":{"self":[{"href":"http:\/\/www.awo-penzberg.de\/index.php?rest_route=\/wp\/v2\/posts\/1214"}],"collection":[{"href":"http:\/\/www.awo-penzberg.de\/index.php?rest_route=\/wp\/v2\/posts"}],"about":[{"href":"http:\/\/www.awo-penzberg.de\/index.php?rest_route=\/wp\/v2\/types\/post"}],"author":[{"embeddable":true,"href":"http:\/\/www.awo-penzberg.de\/index.php?rest_route=\/wp\/v2\/users\/3"}],"replies":[{"embeddable":true,"href":"http:\/\/www.awo-penzberg.de\/index.php?rest_route=%2Fwp%2Fv2%2Fcomments&post=1214"}],"version-history":[{"count":3,"href":"http:\/\/www.awo-penzberg.de\/index.php?rest_route=\/wp\/v2\/posts\/1214\/revisions"}],"predecessor-version":[{"id":1217,"href":"http:\/\/www.awo-penzberg.de\/index.php?rest_route=\/wp\/v2\/posts\/1214\/revisions\/1217"}],"wp:attachment":[{"href":"http:\/\/www.awo-penzberg.de\/index.php?rest_route=%2Fwp%2Fv2%2Fmedia&parent=1214"}],"wp:term":[{"taxonomy":"category","embeddable":true,"href":"http:\/\/www.awo-penzberg.de\/index.php?rest_route=%2Fwp%2Fv2%2Fcategories&post=1214"},{"taxonomy":"post_tag","embeddable":true,"href":"http:\/\/www.awo-penzberg.de\/index.php?rest_route=%2Fwp%2Fv2%2Ftags&post=1214"}],"curies":[{"name":"wp","href":"https:\/\/api.w.org\/{rel}","templated":true}]}}