{"id":1243,"date":"2016-12-05T16:43:27","date_gmt":"2016-12-05T14:43:27","guid":{"rendered":"http:\/\/www.awo-penzberg.de\/?p=1243"},"modified":"2016-12-05T16:43:27","modified_gmt":"2016-12-05T14:43:27","slug":"ergebnis-der-herbstsammlung-2016","status":"publish","type":"post","link":"http:\/\/www.awo-penzberg.de\/?p=1243","title":{"rendered":"Ergebnis der Herbstsammlung 2016"},"content":{"rendered":"<p><strong>Pressemitteilung<br \/>\n<\/strong><strong>Dezember 2016\u00a0\u00a0 <\/strong><strong>Herbstsammlung der AWO erfolgreich<\/strong><\/p>\n<p><strong>Sammlung brachte \u00fcber 5.000 \u20ac<\/strong><\/p>\n<p>Die diesj\u00e4hrige Herbst \u2013 Landessammlung der Arbeiterwohlfahrt unter dem Motto\u00a0 \u00a0\u00a0<em><strong>\u201e<\/strong><\/em><em><strong>70 Jahre AWO- Penzberg: ENGAGIERT UND LEBENDIG\u201c<\/strong><\/em> \u00a0\u00a0war in Penzberg ein Erfolg. Freiwillige Helferinnen und Helfer des Ortsverbandes hatten Spendenbriefe an alle Haushalte verteilt. Jetzt liegt das Ergebnis vor: \u00dcber 5.000 \u20ac sind in den vergangenen Wochen auf dem Konto der AWO eingegangen.<\/p>\n<p>Einen Gro\u00dfteil der Gelder kann die Penzberger AWO f\u00fcr ihre Arbeit vor Ort einsetzen. \u201eUnd dies werden wir auch ganz \u00a0gezielt tun\u201c, wie Ute Frohwein-Sendl, Vorsitzende des Ortsverbandes betont.<\/p>\n<p>Im Penzberger Ortsverein der AWO engagieren sich \u00fcber 70 ehrenamtliche Helferinnen und Helfer: im Alten- oder Freizeitclub, beim Krankenhausbesuchsdienst, in der Kinderkleiderzentrale, beim Lernpatenprojekt oder bei Veranstaltungen. \u201eZusammen schaffen wir Mitmenschlichkeit. F\u00fcr Kinder. F\u00fcr Familien. F\u00fcr Senioren. F\u00fcr Fl\u00fcchtlinge. F\u00fcr Menschen mit Behinderung. Solidarit\u00e4t ist unser Leitgedanke\u201c betont Ute Frohwein-Sendl.<\/p>\n<p>Bei dieser umfangreichen Arbeit ist die AWO auf finanzielle Unterst\u00fctzung angewiesen. Ein kleiner Betrag z\u00e4hlt dabei genau so viel wie eine gro\u00dfe Spende, denn jeder Cent ist wichtig f\u00fcr unsere Arbeit\u201c so die Vorsitzende.<br \/>\nDer Ortsverband der AWO bedankt sich nochmals bei allen Spendern &#8211; Firmen\u00a0 und Privatpersonen \u2013 ganz herzlich f\u00fcr die Unterst\u00fctzung der Arbeit der Arbeiterwohlfahrt.<\/p>\n<p><strong>Arbeiterwohlfahrt<br \/>\n<\/strong><strong>Ortsverein Penzberg e.V.<br \/>\n<\/strong>Ute Frohwein-Sendl, 1. Vorsitzende<br \/>\nFriedrich-Ebert-Str. 9, 82377 Penzberg<br \/>\nTel.: 08856-803907<\/p>\n","protected":false},"excerpt":{"rendered":"<p>Pressemitteilung Dezember 2016\u00a0\u00a0 Herbstsammlung der AWO erfolgreich Sammlung brachte \u00fcber 5.000 \u20ac Die diesj\u00e4hrige Herbst \u2013 Landessammlung der Arbeiterwohlfahrt unter dem Motto\u00a0 \u00a0\u00a0\u201e70 Jahre AWO- Penzberg: ENGAGIERT UND LEBENDIG\u201c \u00a0\u00a0war in Penzberg ein Erfolg. Freiwillige Helferinnen und Helfer des Ortsverbandes hatten Spendenbriefe an alle Haushalte verteilt. Jetzt liegt das Ergebnis vor: \u00dcber 5.000 \u20ac sind [&hellip;]<\/p>\n","protected":false},"author":3,"featured_media":0,"comment_status":"closed","ping_status":"closed","sticky":false,"template":"","format":"standard","meta":[],"categories":[2],"tags":[],"_links":{"self":[{"href":"http:\/\/www.awo-penzberg.de\/index.php?rest_route=\/wp\/v2\/posts\/1243"}],"collection":[{"href":"http:\/\/www.awo-penzberg.de\/index.php?rest_route=\/wp\/v2\/posts"}],"about":[{"href":"http:\/\/www.awo-penzberg.de\/index.php?rest_route=\/wp\/v2\/types\/post"}],"author":[{"embeddable":true,"href":"http:\/\/www.awo-penzberg.de\/index.php?rest_route=\/wp\/v2\/users\/3"}],"replies":[{"embeddable":true,"href":"http:\/\/www.awo-penzberg.de\/index.php?rest_route=%2Fwp%2Fv2%2Fcomments&post=1243"}],"version-history":[{"count":1,"href":"http:\/\/www.awo-penzberg.de\/index.php?rest_route=\/wp\/v2\/posts\/1243\/revisions"}],"predecessor-version":[{"id":1244,"href":"http:\/\/www.awo-penzberg.de\/index.php?rest_route=\/wp\/v2\/posts\/1243\/revisions\/1244"}],"wp:attachment":[{"href":"http:\/\/www.awo-penzberg.de\/index.php?rest_route=%2Fwp%2Fv2%2Fmedia&parent=1243"}],"wp:term":[{"taxonomy":"category","embeddable":true,"href":"http:\/\/www.awo-penzberg.de\/index.php?rest_route=%2Fwp%2Fv2%2Fcategories&post=1243"},{"taxonomy":"post_tag","embeddable":true,"href":"http:\/\/www.awo-penzberg.de\/index.php?rest_route=%2Fwp%2Fv2%2Ftags&post=1243"}],"curies":[{"name":"wp","href":"https:\/\/api.w.org\/{rel}","templated":true}]}}