{"id":1286,"date":"2017-03-29T14:43:19","date_gmt":"2017-03-29T12:43:19","guid":{"rendered":"http:\/\/www.awo-penzberg.de\/?p=1286"},"modified":"2017-04-13T09:47:55","modified_gmt":"2017-04-13T07:47:55","slug":"jahreshauptversammlung-2017","status":"publish","type":"post","link":"http:\/\/www.awo-penzberg.de\/?p=1286","title":{"rendered":"Jahreshauptversammlung 2017"},"content":{"rendered":"<p><strong><u>Jahreshauptversammlung<\/u><\/strong><\/p>\n<p>Die diesj\u00e4hrige Jahreshauptversammlung findet am <strong>Samstag, den 08. April<\/strong> um 14 Uhr in der Aula der B\u00fcrgermeister-Prandl-Mittelschule statt. Neben den Berichten der Vorstandschaft steht dabei der Vortag von\u00a0 Frau Claudia H\u00f6rbrand, Gesch\u00e4ftsf\u00fchrerin der \u00f6kumenischen Sozialstation Pei\u00dfenberg, zu den aktuellen Ver\u00e4nderungen in der Pflegeversicherung auf der Tagesordnung. Auch Nichtmitglieder sind hierzu herzlich eingeladen.<\/p>\n","protected":false},"excerpt":{"rendered":"<p>Jahreshauptversammlung Die diesj\u00e4hrige Jahreshauptversammlung findet am Samstag, den 08. April um 14 Uhr in der Aula der B\u00fcrgermeister-Prandl-Mittelschule statt. Neben den Berichten der Vorstandschaft steht dabei der Vortag von\u00a0 Frau Claudia H\u00f6rbrand, Gesch\u00e4ftsf\u00fchrerin der \u00f6kumenischen Sozialstation Pei\u00dfenberg, zu den aktuellen Ver\u00e4nderungen in der Pflegeversicherung auf der Tagesordnung. Auch Nichtmitglieder sind hierzu herzlich eingeladen.<\/p>\n","protected":false},"author":3,"featured_media":0,"comment_status":"closed","ping_status":"closed","sticky":false,"template":"","format":"standard","meta":[],"categories":[7],"tags":[],"_links":{"self":[{"href":"http:\/\/www.awo-penzberg.de\/index.php?rest_route=\/wp\/v2\/posts\/1286"}],"collection":[{"href":"http:\/\/www.awo-penzberg.de\/index.php?rest_route=\/wp\/v2\/posts"}],"about":[{"href":"http:\/\/www.awo-penzberg.de\/index.php?rest_route=\/wp\/v2\/types\/post"}],"author":[{"embeddable":true,"href":"http:\/\/www.awo-penzberg.de\/index.php?rest_route=\/wp\/v2\/users\/3"}],"replies":[{"embeddable":true,"href":"http:\/\/www.awo-penzberg.de\/index.php?rest_route=%2Fwp%2Fv2%2Fcomments&post=1286"}],"version-history":[{"count":1,"href":"http:\/\/www.awo-penzberg.de\/index.php?rest_route=\/wp\/v2\/posts\/1286\/revisions"}],"predecessor-version":[{"id":1287,"href":"http:\/\/www.awo-penzberg.de\/index.php?rest_route=\/wp\/v2\/posts\/1286\/revisions\/1287"}],"wp:attachment":[{"href":"http:\/\/www.awo-penzberg.de\/index.php?rest_route=%2Fwp%2Fv2%2Fmedia&parent=1286"}],"wp:term":[{"taxonomy":"category","embeddable":true,"href":"http:\/\/www.awo-penzberg.de\/index.php?rest_route=%2Fwp%2Fv2%2Fcategories&post=1286"},{"taxonomy":"post_tag","embeddable":true,"href":"http:\/\/www.awo-penzberg.de\/index.php?rest_route=%2Fwp%2Fv2%2Ftags&post=1286"}],"curies":[{"name":"wp","href":"https:\/\/api.w.org\/{rel}","templated":true}]}}