{"id":1345,"date":"2017-09-14T09:44:26","date_gmt":"2017-09-14T07:44:26","guid":{"rendered":"http:\/\/www.awo-penzberg.de\/?p=1345"},"modified":"2017-09-14T09:47:55","modified_gmt":"2017-09-14T07:47:55","slug":"herbstsammlung-2017-unter-dem-motto","status":"publish","type":"post","link":"http:\/\/www.awo-penzberg.de\/?p=1345","title":{"rendered":"Herbstsammlung 2017 unter dem Motto &#8222;Jedes Kind ist anders&#8220;"},"content":{"rendered":"<div>Pressemitteilung<br \/>\n11.September 2017<\/div>\n<div><\/div>\n<div><strong>Herbstsammlung der AWO<\/strong><\/div>\n<div><\/div>\n<div>Die Herbstsammlung der Arbeiterwohlfahrt findet 2017 vom 18. bis 24. September statt und steht in diesem Jahr unter dem Motto:<\/div>\n<div><\/div>\n<div><\/div>\n<div><strong>j<\/strong><strong>edes Kind ist anders!<\/strong><\/div>\n<div><\/div>\n<div><\/div>\n<div>Wild, neugierig, vertr\u00e4umt, musikalisch, liebenswert \u2013<\/div>\n<div>arm sollte nicht dazu geh\u00f6ren!<\/div>\n<div><\/div>\n<div>In den n\u00e4chsten Tagen werden Mitglieder vom Ortsverein der Arbeiterwohlfahrt in ganz Penzberg Spendenbriefe verteilen. Ute Frohwein-Sendl, 1. Vorsitzende, hofft, dass sich m\u00f6glichst viele B\u00fcrgerinnen und B\u00fcrger mit einer Spende an dieser Herbstsammlung beteiligen, ist doch die Arbeit der Wohlfahrtsverb\u00e4nde f\u00fcr eine solidarische, gerechte und offene Gesellschaft unverzichtbar.<\/div>\n<div><\/div>\n<div>Zum Inhalt der diesj\u00e4hrigen Herbstsammlung f\u00fchrt die Vorsitzende aus: \u201eKinder an die Macht\u201c ist die vertonte Referenz an Fantasie, Dynamik, Temperament, Ehrlichkeit, Talente und vieles mehr, womit die J\u00fcngsten in der Gesellschaft ebendiese bereichern. \u201eDamit M\u00e4dchen und Jungen tats\u00e4chlich all das entwickeln und zum Ausdruck bringen k\u00f6nnen, was in ihnen steckt, braucht der Nachwuchs allerdings F\u00f6rderung. Es ist unabdingbar, dass Kinder in der Familie, im Kindergarten, in der Schule \u2013 kurzum in der Gesellschaft \u2013 als Individuen wahrgenommen werden; als Individuen, die ein Recht auf freie Entfaltung haben. Daf\u00fcr wiederum ist die wichtigste Voraussetzung, dass sie nicht in Armut aufwachsen, was leider allzu oft der Fall ist, auch in Penzberg. Das darf nicht sein. Deshalb bitten wir Sie, mit ihrer Spende unsere Projekte und Initiativen f\u00fcr Kinder in Penzberg wie das Lernpatenprojekt, die Kinderkleiderzentrale oder die Hilfe f\u00fcr Familien in sozialer Notlage zu unterst\u00fctzen\u201c, so die AWO.<\/div>\n<div><\/div>\n<div>F\u00fcr diese wichtigen Aufgaben bittet die AWO um Spenden und bedankt sich schon jetzt bei allen, die mitmachen; viele schon seit Jahrzehnten. Es ist f\u00fcr die AWO eine enorme Motivation, so viele Penzberger hinter sich zu wissen, denen nicht egal ist, wie es ihren Mitmenschen geht.<\/div>\n<div><\/div>\n<div><\/div>\n<div>Mit freundlichen Gr\u00fc\u00dfen<\/div>\n<div>AWO, Ortsverein Penzberg e.V.<br \/>\nUte Frohwein-Sendl, 1. Vorsitzende<br \/>\nFriedrich-Ebert-Str. 9, 82377 Penzberg<br \/>\nTel.: 08856-803907<br \/>\ne-mail: <a href=\"mailto:ute-frohwein.sendl@awo-penzberg.de\" target=\"_blank\">ute-frohwein.sendl@awo-penzberg.de<\/a><\/div>\n","protected":false},"excerpt":{"rendered":"<p>Pressemitteilung 11.September 2017 Herbstsammlung der AWO Die Herbstsammlung der Arbeiterwohlfahrt findet 2017 vom 18. bis 24. September statt und steht in diesem Jahr unter dem Motto: jedes Kind ist anders! Wild, neugierig, vertr\u00e4umt, musikalisch, liebenswert \u2013 arm sollte nicht dazu geh\u00f6ren! In den n\u00e4chsten Tagen werden Mitglieder vom Ortsverein der Arbeiterwohlfahrt in ganz Penzberg Spendenbriefe [&hellip;]<\/p>\n","protected":false},"author":3,"featured_media":0,"comment_status":"closed","ping_status":"closed","sticky":false,"template":"","format":"standard","meta":[],"categories":[2],"tags":[],"_links":{"self":[{"href":"http:\/\/www.awo-penzberg.de\/index.php?rest_route=\/wp\/v2\/posts\/1345"}],"collection":[{"href":"http:\/\/www.awo-penzberg.de\/index.php?rest_route=\/wp\/v2\/posts"}],"about":[{"href":"http:\/\/www.awo-penzberg.de\/index.php?rest_route=\/wp\/v2\/types\/post"}],"author":[{"embeddable":true,"href":"http:\/\/www.awo-penzberg.de\/index.php?rest_route=\/wp\/v2\/users\/3"}],"replies":[{"embeddable":true,"href":"http:\/\/www.awo-penzberg.de\/index.php?rest_route=%2Fwp%2Fv2%2Fcomments&post=1345"}],"version-history":[{"count":6,"href":"http:\/\/www.awo-penzberg.de\/index.php?rest_route=\/wp\/v2\/posts\/1345\/revisions"}],"predecessor-version":[{"id":1351,"href":"http:\/\/www.awo-penzberg.de\/index.php?rest_route=\/wp\/v2\/posts\/1345\/revisions\/1351"}],"wp:attachment":[{"href":"http:\/\/www.awo-penzberg.de\/index.php?rest_route=%2Fwp%2Fv2%2Fmedia&parent=1345"}],"wp:term":[{"taxonomy":"category","embeddable":true,"href":"http:\/\/www.awo-penzberg.de\/index.php?rest_route=%2Fwp%2Fv2%2Fcategories&post=1345"},{"taxonomy":"post_tag","embeddable":true,"href":"http:\/\/www.awo-penzberg.de\/index.php?rest_route=%2Fwp%2Fv2%2Ftags&post=1345"}],"curies":[{"name":"wp","href":"https:\/\/api.w.org\/{rel}","templated":true}]}}