{"id":1575,"date":"2019-02-26T08:34:30","date_gmt":"2019-02-26T06:34:30","guid":{"rendered":"http:\/\/www.awo-penzberg.de\/?p=1575"},"modified":"2019-02-26T08:34:30","modified_gmt":"2019-02-26T06:34:30","slug":"100-jahre-awo-ausblick-festprogramm-2","status":"publish","type":"post","link":"http:\/\/www.awo-penzberg.de\/?p=1575","title":{"rendered":"100 Jahre AWO \/ Ausblick Festprogramm"},"content":{"rendered":"<p><b>100 Jahre AWO \/ Ausblick Festprogramm<\/b><\/p>\n<p><span style=\"margin: 0px;font-family: 'Arial',sans-serif\"><span style=\"color: #000000\">Die AWO Deutschland feiert 2019 ihr 100-j\u00e4hriges Gr\u00fcndungsfest. <\/span><\/span><span style=\"margin: 0px;font-family: 'Arial',sans-serif\"><span style=\"color: #000000\">Die Arbeiterwohlfahrt wurde am 13. Dezember 1919 auf<\/span> Initiative von Marie Juchacz gegr\u00fcndet. Marie Juchacz, geboren 1879, hatte eine bedeutende Rolle in der Geschichte der deutschen Frauenbewegung und im Kampf um die Gleichberechtigung der Frauen. So war sie auch die erste Frau, die in einem deutschen Parlament die Rednerb\u00fchne betrat.<\/span><\/p>\n<p>Mit ihrer ann\u00e4hernd 100-j\u00e4hrigen Geschichte z\u00e4hlt die AWO zu den \u00e4ltesten Wohlfahrtsverb\u00e4nden in Deutschland.<\/p>\n<p>Auch die Gr\u00fcndung geschah in Mitten der Wirrungen der letzten Kriegstage im Ersten Weltkrieg und der R\u00e4terepublik in Bayern. Die Arbeiterwohlfahrt und die Stadt Penzberg, die 2019 ebenfalls ihre 100-j\u00e4hriges Stadterhebung feiert, haben auch in den folgenden 100 Jahren eine Geschichte durchlebt, die eng miteinander verbunden war. Dabei stand die soziale Frage sehr oft im Mittelpunkt des Handels. Dass es so viele Einrichtungen der AWO in Penzberg gibt, hat auch mit dieser Geschichte zu tun.<\/p>\n<p>Daher ist es nur folgerichtig, dass sich die AWO Penzberg am vielseitigen Jubil\u00e4umsprogramm \u201ePenzberg-100 Jahre Stadt\u201c beteiligen wird. Unser Festtag wird Samstag, der 4. Mai 2019, sein.\u00a0 Um 15 Uhr wollen wir zu Ehren von Marie Juchacz eine Linde im Stadtgebiet pflanzen und anschlie\u00dfend gemeinsam mit den AWO- Ortsverb\u00e4nden im Landkreis dieses Ereignis geb\u00fchrend feiern. Ganz besonders freut es mich, dass zu dieser Feier auch eine Delegation der AWO unserer Partnerstadt Ahlen kommen wird. Zu dieser Veranstaltung darf ich Sie alle schon heute ganz herzlich einladen. \u00a0<b>\u00a0<\/b><\/p>\n","protected":false},"excerpt":{"rendered":"<p>100 Jahre AWO \/ Ausblick Festprogramm Die AWO Deutschland feiert 2019 ihr 100-j\u00e4hriges Gr\u00fcndungsfest. Die Arbeiterwohlfahrt wurde am 13. Dezember 1919 auf Initiative von Marie Juchacz gegr\u00fcndet. Marie Juchacz, geboren 1879, hatte eine bedeutende Rolle in der Geschichte der deutschen Frauenbewegung und im Kampf um die Gleichberechtigung der Frauen. So war sie auch die erste [&hellip;]<\/p>\n","protected":false},"author":3,"featured_media":0,"comment_status":"closed","ping_status":"closed","sticky":false,"template":"","format":"standard","meta":[],"categories":[2],"tags":[],"_links":{"self":[{"href":"http:\/\/www.awo-penzberg.de\/index.php?rest_route=\/wp\/v2\/posts\/1575"}],"collection":[{"href":"http:\/\/www.awo-penzberg.de\/index.php?rest_route=\/wp\/v2\/posts"}],"about":[{"href":"http:\/\/www.awo-penzberg.de\/index.php?rest_route=\/wp\/v2\/types\/post"}],"author":[{"embeddable":true,"href":"http:\/\/www.awo-penzberg.de\/index.php?rest_route=\/wp\/v2\/users\/3"}],"replies":[{"embeddable":true,"href":"http:\/\/www.awo-penzberg.de\/index.php?rest_route=%2Fwp%2Fv2%2Fcomments&post=1575"}],"version-history":[{"count":1,"href":"http:\/\/www.awo-penzberg.de\/index.php?rest_route=\/wp\/v2\/posts\/1575\/revisions"}],"predecessor-version":[{"id":1576,"href":"http:\/\/www.awo-penzberg.de\/index.php?rest_route=\/wp\/v2\/posts\/1575\/revisions\/1576"}],"wp:attachment":[{"href":"http:\/\/www.awo-penzberg.de\/index.php?rest_route=%2Fwp%2Fv2%2Fmedia&parent=1575"}],"wp:term":[{"taxonomy":"category","embeddable":true,"href":"http:\/\/www.awo-penzberg.de\/index.php?rest_route=%2Fwp%2Fv2%2Fcategories&post=1575"},{"taxonomy":"post_tag","embeddable":true,"href":"http:\/\/www.awo-penzberg.de\/index.php?rest_route=%2Fwp%2Fv2%2Ftags&post=1575"}],"curies":[{"name":"wp","href":"https:\/\/api.w.org\/{rel}","templated":true}]}}