{"id":1589,"date":"2019-05-02T15:42:11","date_gmt":"2019-05-02T13:42:11","guid":{"rendered":"http:\/\/www.awo-penzberg.de\/?p=1589"},"modified":"2019-06-12T12:58:20","modified_gmt":"2019-06-12T10:58:20","slug":"einladung-zur-sternfahrt-100-jahre-awo","status":"publish","type":"post","link":"http:\/\/www.awo-penzberg.de\/?p=1589","title":{"rendered":"Einladung zur Sternfahrt- 100 Jahre AWO!"},"content":{"rendered":"<p><strong>EINLADUNG<\/strong><\/p>\n<p><strong>\u00a0<\/strong><strong>Liebes AWO &#8211; Mitglied, \u00a0 \u00a0 \u00a0 \u00a0 \u00a0 \u00a0 \u00a0 \u00a0 \u00a0 \u00a0 \u00a0 \u00a0 \u00a0 \u00a0 \u00a0 \u00a0 \u00a0 \u00a0 \u00a0 \u00a0 \u00a0 \u00a0 \u00a0 \u00a0 \u00a0 \u00a0 \u00a0 \u00a0 \u00a0 \u00a0 \u00a0 \u00a0 \u00a0 \u00a0 \u00a0 \u00a0 \u00a0 \u00a0 \u00a0 \u00a0 \u00a0 \u00a0\u00a0<\/strong><\/p>\n<p>der <u>AWO-Kreisverband Weilheim-Schongau e.V.<\/u> und der <u>AWO-Ortsverein Penzberg<\/u> laden Sie ganz herzlich ein zur gemeinsamen<\/p>\n<p><strong>Sternfahrt \u2013 100 Jahre AWO <\/strong><\/p>\n<p><strong>am Samstag, den 04. Mai 2019 um 15 Uhr<\/strong><\/p>\n<p><strong>in der Stadthalle, Michael-Pfalzgraf-Platz 1, 82377 Penzberg<\/strong><\/p>\n<p>&nbsp;<\/p>\n<p><u>Programmablauf:<\/u><\/p>\n<p>14.00 Uhr Eintreffen der Teilnehmer<\/p>\n<p>14.30 Uhr Beginn mit musikalischer Unterhaltung der \u201ePenzberger Magistratsmusi\u201c<\/p>\n<p>zwischenzeitlich wird Kaffee und Kuchen serviert.<\/p>\n<p>Begr\u00fc\u00dfung der G\u00e4ste durch den AWO-Kreisverbandsvorsitzenden<\/p>\n<p>Herrn Michael Asam und der AWO-Ortsvorsitzenden Ute Frohwein-Sendl<\/p>\n<p>Gru\u00dfworte der Ersten B\u00fcrgermeisterin Elke Zehetner<\/p>\n<p>anschlie\u00dfend buntes Rahmenprogramm mit Auftritten der Rollschuhgruppe der Solidarit\u00e4t Penzberg und der Jugendgruppe des Trachtenvereins \u201eBirk\u00b4nstoana\u201c.<br \/>\nMusik: Magistratsmusi Penzberg<\/p>\n<p>Vorstellung des Buchs \u201eGeschichten unter dem Lindenbaum\u201c von Christine Eisenmann-Bl\u00fcmke AWO-Mitglieder erz\u00e4hlen ihre Erlebnisse mit der Arbeiterwohlfahrt.<\/p>\n<p>Ende: ca. 17 Uhr<\/p>\n<p>Die AWO \u00fcbernimmt die Kosten f\u00fcr den Kaffee-Kuchen-Bon und f\u00fcr das Rahmenprogramm.<\/p>\n<p>F\u00fcr andere Getr\u00e4nke kommt jeder Teilnehmer selbst auf.<\/p>\n<p><strong><u>Teilnehmerbeitrag:<\/u><\/strong><strong>\u00a0 3 \u20ac pro Person<\/strong><\/p>\n<p><strong>\u00a0<\/strong>Die Vorstandschaft l\u00e4dt alle AWO Mitglieder und Freunde unseres Ortsvereins ganz herzlich ein und wir freuen uns \u00fcber eine rege Teilnahme. Da die Teilnehmerzahl begrenzt ist, bitten wir deshalb um baldm\u00f6glichste Anmeldung \u2013 sh. beiliegendes Anmeldeformular &#8211; sp\u00e4testen aber bis zum <strong>30. April 2019<\/strong>.<\/p>\n<p>Mit freundlichen Gr\u00fc\u00dfen<\/p>\n<p>Ute Frohwein-Sendl<\/p>\n<ol>\n<li>Vorsitzende<\/li>\n<\/ol>\n","protected":false},"excerpt":{"rendered":"<p>EINLADUNG \u00a0Liebes AWO &#8211; Mitglied, \u00a0 \u00a0 \u00a0 \u00a0 \u00a0 \u00a0 \u00a0 \u00a0 \u00a0 \u00a0 \u00a0 \u00a0 \u00a0 \u00a0 \u00a0 \u00a0 \u00a0 \u00a0 \u00a0 \u00a0 \u00a0 \u00a0 \u00a0 \u00a0 \u00a0 \u00a0 \u00a0 \u00a0 \u00a0 \u00a0 \u00a0 \u00a0 \u00a0 \u00a0 \u00a0 \u00a0 \u00a0 \u00a0 \u00a0 \u00a0 \u00a0 \u00a0\u00a0 der AWO-Kreisverband Weilheim-Schongau e.V. und der AWO-Ortsverein Penzberg [&hellip;]<\/p>\n","protected":false},"author":3,"featured_media":0,"comment_status":"closed","ping_status":"closed","sticky":false,"template":"","format":"standard","meta":[],"categories":[2],"tags":[],"_links":{"self":[{"href":"http:\/\/www.awo-penzberg.de\/index.php?rest_route=\/wp\/v2\/posts\/1589"}],"collection":[{"href":"http:\/\/www.awo-penzberg.de\/index.php?rest_route=\/wp\/v2\/posts"}],"about":[{"href":"http:\/\/www.awo-penzberg.de\/index.php?rest_route=\/wp\/v2\/types\/post"}],"author":[{"embeddable":true,"href":"http:\/\/www.awo-penzberg.de\/index.php?rest_route=\/wp\/v2\/users\/3"}],"replies":[{"embeddable":true,"href":"http:\/\/www.awo-penzberg.de\/index.php?rest_route=%2Fwp%2Fv2%2Fcomments&post=1589"}],"version-history":[{"count":2,"href":"http:\/\/www.awo-penzberg.de\/index.php?rest_route=\/wp\/v2\/posts\/1589\/revisions"}],"predecessor-version":[{"id":1591,"href":"http:\/\/www.awo-penzberg.de\/index.php?rest_route=\/wp\/v2\/posts\/1589\/revisions\/1591"}],"wp:attachment":[{"href":"http:\/\/www.awo-penzberg.de\/index.php?rest_route=%2Fwp%2Fv2%2Fmedia&parent=1589"}],"wp:term":[{"taxonomy":"category","embeddable":true,"href":"http:\/\/www.awo-penzberg.de\/index.php?rest_route=%2Fwp%2Fv2%2Fcategories&post=1589"},{"taxonomy":"post_tag","embeddable":true,"href":"http:\/\/www.awo-penzberg.de\/index.php?rest_route=%2Fwp%2Fv2%2Ftags&post=1589"}],"curies":[{"name":"wp","href":"https:\/\/api.w.org\/{rel}","templated":true}]}}