{"id":1617,"date":"2019-12-04T18:25:26","date_gmt":"2019-12-04T16:25:26","guid":{"rendered":"http:\/\/www.awo-penzberg.de\/?p=1617"},"modified":"2020-01-07T18:02:14","modified_gmt":"2020-01-07T16:02:14","slug":"adventfeier-mit-jubilar-ehrung-2019","status":"publish","type":"post","link":"http:\/\/www.awo-penzberg.de\/?p=1617","title":{"rendered":"Adventfeier mit Jubilar Ehrung 2019!"},"content":{"rendered":"<p><strong><u>Adventfeier mit Jubilarehrung<\/u><\/strong><\/p>\n<p>Die Adventfeier mit Jubilar Ehrung findet am <strong>Samstag, den 14. Dezember<\/strong> im gro\u00dfen Saal der Stadthalle statt. Beginn ist um 14 Uhr. Eingeladen sind die Mitglieder, Freunde und G\u00f6nner unseres Ortsvereins.<\/p>\n<p>F\u00fcr diesen Nachmittag haben wir wieder ein Programm zusammengestellt, von dem wir \u00fcberzeugt sind, dass es auch f\u00fcr unsere Jubilare, die wir an diesem Tag ehren wollen, einen w\u00fcrdigen Rahmen bietet. F\u00fcr die musikalische Unterhaltung werden in diesem Jahr wieder die Geschwister Merk aus Gai\u00dfach sorgen.<\/p>\n","protected":false},"excerpt":{"rendered":"<p>Adventfeier mit Jubilarehrung Die Adventfeier mit Jubilar Ehrung findet am Samstag, den 14. Dezember im gro\u00dfen Saal der Stadthalle statt. Beginn ist um 14 Uhr. Eingeladen sind die Mitglieder, Freunde und G\u00f6nner unseres Ortsvereins. F\u00fcr diesen Nachmittag haben wir wieder ein Programm zusammengestellt, von dem wir \u00fcberzeugt sind, dass es auch f\u00fcr unsere Jubilare, die [&hellip;]<\/p>\n","protected":false},"author":3,"featured_media":0,"comment_status":"closed","ping_status":"closed","sticky":false,"template":"","format":"standard","meta":[],"categories":[2],"tags":[],"_links":{"self":[{"href":"http:\/\/www.awo-penzberg.de\/index.php?rest_route=\/wp\/v2\/posts\/1617"}],"collection":[{"href":"http:\/\/www.awo-penzberg.de\/index.php?rest_route=\/wp\/v2\/posts"}],"about":[{"href":"http:\/\/www.awo-penzberg.de\/index.php?rest_route=\/wp\/v2\/types\/post"}],"author":[{"embeddable":true,"href":"http:\/\/www.awo-penzberg.de\/index.php?rest_route=\/wp\/v2\/users\/3"}],"replies":[{"embeddable":true,"href":"http:\/\/www.awo-penzberg.de\/index.php?rest_route=%2Fwp%2Fv2%2Fcomments&post=1617"}],"version-history":[{"count":1,"href":"http:\/\/www.awo-penzberg.de\/index.php?rest_route=\/wp\/v2\/posts\/1617\/revisions"}],"predecessor-version":[{"id":1618,"href":"http:\/\/www.awo-penzberg.de\/index.php?rest_route=\/wp\/v2\/posts\/1617\/revisions\/1618"}],"wp:attachment":[{"href":"http:\/\/www.awo-penzberg.de\/index.php?rest_route=%2Fwp%2Fv2%2Fmedia&parent=1617"}],"wp:term":[{"taxonomy":"category","embeddable":true,"href":"http:\/\/www.awo-penzberg.de\/index.php?rest_route=%2Fwp%2Fv2%2Fcategories&post=1617"},{"taxonomy":"post_tag","embeddable":true,"href":"http:\/\/www.awo-penzberg.de\/index.php?rest_route=%2Fwp%2Fv2%2Ftags&post=1617"}],"curies":[{"name":"wp","href":"https:\/\/api.w.org\/{rel}","templated":true}]}}