{"id":1624,"date":"2020-01-29T16:56:24","date_gmt":"2020-01-29T14:56:24","guid":{"rendered":"http:\/\/www.awo-penzberg.de\/?p=1624"},"modified":"2020-01-30T15:46:11","modified_gmt":"2020-01-30T13:46:11","slug":"uebergabe-der-spendengelder-an-die-heilpaedagogische-tagesstaette-in-penzberg","status":"publish","type":"post","link":"http:\/\/www.awo-penzberg.de\/?p=1624","title":{"rendered":"\u00dcbergabe der Spendengelder an den heilp\u00e4dagogischen Hort der Kinderhilfe Oberland in Penzberg!"},"content":{"rendered":"<p>Januar 2020<\/p>\n<p>Aus unseren Spendeneinnahmen vom Gl\u00fchweinverkauf am Martinsumzug in Penzberg k\u00f6nnen wir immer wieder einen Spendenscheck \u00fcberreichen, was uns wirklich sehr freut! Diesmal haben wir den heilp\u00e4dagogischen Hort der Kinderhilfe Oberland ausgew\u00e4hlt.<\/p>\n<p>Herr Schnappinger mit Mitarbeiterin Frau Cabodevila empfingen uns mit gro\u00dfer Gastfreundlichkeit. Die Kinder hatten extra leckere Smoothies f\u00fcr uns vorbereitet und haben sie uns selbst serviert.<\/p>\n<p>Freudestrahlend haben die Kinder den &#8222;Spendenscheck&#8220; auf einer Wolke\u00a0 in H\u00f6he von 430 Euro \u00fcbernehmen k\u00f6nnen. Sie werden sich damit so einiges anschaffen k\u00f6nnen. Die Auswahl fiel an diesem Nachmittag auf Wunsch der Kinder auf Sportger\u00e4te.<\/p>\n<p>Wir freuen uns wirklich, dass wir mit dem Erl\u00f6s des Martinsumzuges immer wieder soziale Projekte in Penzberg unterst\u00fctzen k\u00f6nnen. Dies ist so wichtig- nicht alles kann mit den vorhandenen Budgets angeschafft werden. Umso gl\u00fccklicher macht es uns, die freudestrahlenden Kinder zu sehen. Aber sehen Sie selbst auf den Bildern, die nun folgen!<\/p>\n<p>Ihr Team von der AWO Ortsgruppe Penzberg<\/p>\n\n\t\t<style type=\"text\/css\">\n\t\t\t#gallery-1 {\n\t\t\t\tmargin: auto;\n\t\t\t}\n\t\t\t#gallery-1 .gallery-item {\n\t\t\t\tfloat: left;\n\t\t\t\tmargin-top: 10px;\n\t\t\t\ttext-align: center;\n\t\t\t\twidth: 50%;\n\t\t\t}\n\t\t\t#gallery-1 img {\n\t\t\t\tborder: 2px solid #cfcfcf;\n\t\t\t}\n\t\t\t#gallery-1 .gallery-caption {\n\t\t\t\tmargin-left: 0;\n\t\t\t}\n\t\t\t\/* see gallery_shortcode() in wp-includes\/media.php *\/\n\t\t<\/style>\n\t\t<div id='gallery-1' class='gallery galleryid-1624 gallery-columns-2 gallery-size-medium'><dl class='gallery-item'>\n\t\t\t<dt class='gallery-icon portrait'>\n\t\t\t\t<a href='http:\/\/www.awo-penzberg.de\/?attachment_id=1630'><img width=\"225\" height=\"300\" src=\"http:\/\/www.awo-penzberg.de\/wp-content\/uploads\/2020\/01\/36AAA5E5-0E89-4995-8E35-D56A0543A5C2-e1580309950408-225x300.jpeg\" class=\"attachment-medium size-medium\" alt=\"\" loading=\"lazy\" aria-describedby=\"gallery-1-1630\" srcset=\"http:\/\/www.awo-penzberg.de\/wp-content\/uploads\/2020\/01\/36AAA5E5-0E89-4995-8E35-D56A0543A5C2-e1580309950408-225x300.jpeg 225w, http:\/\/www.awo-penzberg.de\/wp-content\/uploads\/2020\/01\/36AAA5E5-0E89-4995-8E35-D56A0543A5C2-e1580309950408.jpeg 768w, http:\/\/www.awo-penzberg.de\/wp-content\/uploads\/2020\/01\/36AAA5E5-0E89-4995-8E35-D56A0543A5C2-e1580309950408-624x832.jpeg 624w\" sizes=\"(max-width: 225px) 100vw, 225px\" \/><\/a>\n\t\t\t<\/dt>\n\t\t\t\t<dd class='wp-caption-text gallery-caption' id='gallery-1-1630'>\n\t\t\t\tLeckerer Smoothie\n\t\t\t\t<\/dd><\/dl><dl class='gallery-item'>\n\t\t\t<dt class='gallery-icon landscape'>\n\t\t\t\t<a href='http:\/\/www.awo-penzberg.de\/?attachment_id=1636'><img width=\"300\" height=\"225\" src=\"http:\/\/www.awo-penzberg.de\/wp-content\/uploads\/2020\/01\/71BE306A-3FD4-4D88-8093-6406C65609F0-300x225.jpeg\" class=\"attachment-medium size-medium\" alt=\"\" loading=\"lazy\" aria-describedby=\"gallery-1-1636\" srcset=\"http:\/\/www.awo-penzberg.de\/wp-content\/uploads\/2020\/01\/71BE306A-3FD4-4D88-8093-6406C65609F0-300x225.jpeg 300w, http:\/\/www.awo-penzberg.de\/wp-content\/uploads\/2020\/01\/71BE306A-3FD4-4D88-8093-6406C65609F0-768x576.jpeg 768w, http:\/\/www.awo-penzberg.de\/wp-content\/uploads\/2020\/01\/71BE306A-3FD4-4D88-8093-6406C65609F0-e1580310000585.jpeg 1024w, http:\/\/www.awo-penzberg.de\/wp-content\/uploads\/2020\/01\/71BE306A-3FD4-4D88-8093-6406C65609F0-624x468.jpeg 624w\" sizes=\"(max-width: 300px) 100vw, 300px\" \/><\/a>\n\t\t\t<\/dt>\n\t\t\t\t<dd class='wp-caption-text gallery-caption' id='gallery-1-1636'>\n\t\t\t\tvon li. : Hr. Schnappinger, Fr. Cabodevila,  Ute Frohwein-Sendl, Beate Kreutterer, Ingrid Brummer und die Kinder!\n\t\t\t\t<\/dd><\/dl><br style=\"clear: both\" \/><dl class='gallery-item'>\n\t\t\t<dt class='gallery-icon portrait'>\n\t\t\t\t<a href='http:\/\/www.awo-penzberg.de\/?attachment_id=1626'><img width=\"225\" height=\"300\" src=\"http:\/\/www.awo-penzberg.de\/wp-content\/uploads\/2020\/01\/DEBE7053-921F-41A5-ACE0-85548BCAD1E2-e1580309637948-225x300.jpeg\" class=\"attachment-medium size-medium\" alt=\"\" loading=\"lazy\" aria-describedby=\"gallery-1-1626\" srcset=\"http:\/\/www.awo-penzberg.de\/wp-content\/uploads\/2020\/01\/DEBE7053-921F-41A5-ACE0-85548BCAD1E2-e1580309637948-225x300.jpeg 225w, http:\/\/www.awo-penzberg.de\/wp-content\/uploads\/2020\/01\/DEBE7053-921F-41A5-ACE0-85548BCAD1E2-e1580309637948-768x1024.jpeg 768w, http:\/\/www.awo-penzberg.de\/wp-content\/uploads\/2020\/01\/DEBE7053-921F-41A5-ACE0-85548BCAD1E2-e1580309637948-624x832.jpeg 624w\" sizes=\"(max-width: 225px) 100vw, 225px\" \/><\/a>\n\t\t\t<\/dt>\n\t\t\t\t<dd class='wp-caption-text gallery-caption' id='gallery-1-1626'>\n\t\t\t\tUte Frohwein-Sendl mit dem Wolken &#8222;Scheck&#8220;!\n\t\t\t\t<\/dd><\/dl><dl class='gallery-item'>\n\t\t\t<dt class='gallery-icon portrait'>\n\t\t\t\t<a href='http:\/\/www.awo-penzberg.de\/?attachment_id=1631'><img width=\"225\" height=\"300\" src=\"http:\/\/www.awo-penzberg.de\/wp-content\/uploads\/2020\/01\/F9301FB1-FFC1-4E4A-A472-2E565072DD8F-e1580309969627-225x300.jpeg\" class=\"attachment-medium size-medium\" alt=\"\" loading=\"lazy\" srcset=\"http:\/\/www.awo-penzberg.de\/wp-content\/uploads\/2020\/01\/F9301FB1-FFC1-4E4A-A472-2E565072DD8F-e1580309969627-225x300.jpeg 225w, http:\/\/www.awo-penzberg.de\/wp-content\/uploads\/2020\/01\/F9301FB1-FFC1-4E4A-A472-2E565072DD8F-e1580309969627.jpeg 768w, http:\/\/www.awo-penzberg.de\/wp-content\/uploads\/2020\/01\/F9301FB1-FFC1-4E4A-A472-2E565072DD8F-e1580309969627-624x832.jpeg 624w\" sizes=\"(max-width: 225px) 100vw, 225px\" \/><\/a>\n\t\t\t<\/dt><\/dl><br style=\"clear: both\" \/><dl class='gallery-item'>\n\t\t\t<dt class='gallery-icon portrait'>\n\t\t\t\t<a href='http:\/\/www.awo-penzberg.de\/?attachment_id=1629'><img width=\"225\" height=\"300\" src=\"http:\/\/www.awo-penzberg.de\/wp-content\/uploads\/2020\/01\/5B05A50A-897D-4BA1-A46E-C738BECFEC1F-e1580309922380-225x300.jpeg\" class=\"attachment-medium size-medium\" alt=\"\" loading=\"lazy\" aria-describedby=\"gallery-1-1629\" srcset=\"http:\/\/www.awo-penzberg.de\/wp-content\/uploads\/2020\/01\/5B05A50A-897D-4BA1-A46E-C738BECFEC1F-e1580309922380-225x300.jpeg 225w, http:\/\/www.awo-penzberg.de\/wp-content\/uploads\/2020\/01\/5B05A50A-897D-4BA1-A46E-C738BECFEC1F-e1580309922380.jpeg 768w, http:\/\/www.awo-penzberg.de\/wp-content\/uploads\/2020\/01\/5B05A50A-897D-4BA1-A46E-C738BECFEC1F-e1580309922380-624x832.jpeg 624w\" sizes=\"(max-width: 225px) 100vw, 225px\" \/><\/a>\n\t\t\t<\/dt>\n\t\t\t\t<dd class='wp-caption-text gallery-caption' id='gallery-1-1629'>\n\t\t\t\tHr. Schnappinger und Anniko Rosenberger\n\t\t\t\t<\/dd><\/dl><dl class='gallery-item'>\n\t\t\t<dt class='gallery-icon landscape'>\n\t\t\t\t<a href='http:\/\/www.awo-penzberg.de\/?attachment_id=1643'><img width=\"300\" height=\"225\" src=\"http:\/\/www.awo-penzberg.de\/wp-content\/uploads\/2020\/01\/259E401C-A489-44C6-828E-93C69E67F977-300x225.jpeg\" class=\"attachment-medium size-medium\" alt=\"\" loading=\"lazy\" srcset=\"http:\/\/www.awo-penzberg.de\/wp-content\/uploads\/2020\/01\/259E401C-A489-44C6-828E-93C69E67F977-300x225.jpeg 300w, http:\/\/www.awo-penzberg.de\/wp-content\/uploads\/2020\/01\/259E401C-A489-44C6-828E-93C69E67F977-768x576.jpeg 768w, http:\/\/www.awo-penzberg.de\/wp-content\/uploads\/2020\/01\/259E401C-A489-44C6-828E-93C69E67F977-e1580310128741.jpeg 1024w, http:\/\/www.awo-penzberg.de\/wp-content\/uploads\/2020\/01\/259E401C-A489-44C6-828E-93C69E67F977-624x468.jpeg 624w\" sizes=\"(max-width: 300px) 100vw, 300px\" \/><\/a>\n\t\t\t<\/dt><\/dl><br style=\"clear: both\" \/>\n\t\t<\/div>\n\n<p>&nbsp;<\/p>\n","protected":false},"excerpt":{"rendered":"<p>Januar 2020 Aus unseren Spendeneinnahmen vom Gl\u00fchweinverkauf am Martinsumzug in Penzberg k\u00f6nnen wir immer wieder einen Spendenscheck \u00fcberreichen, was uns wirklich sehr freut! Diesmal haben wir den heilp\u00e4dagogischen Hort der Kinderhilfe Oberland ausgew\u00e4hlt. Herr Schnappinger mit Mitarbeiterin Frau Cabodevila empfingen uns mit gro\u00dfer Gastfreundlichkeit. Die Kinder hatten extra leckere Smoothies f\u00fcr uns vorbereitet und haben [&hellip;]<\/p>\n","protected":false},"author":3,"featured_media":0,"comment_status":"closed","ping_status":"closed","sticky":false,"template":"","format":"standard","meta":[],"categories":[7,2],"tags":[],"_links":{"self":[{"href":"http:\/\/www.awo-penzberg.de\/index.php?rest_route=\/wp\/v2\/posts\/1624"}],"collection":[{"href":"http:\/\/www.awo-penzberg.de\/index.php?rest_route=\/wp\/v2\/posts"}],"about":[{"href":"http:\/\/www.awo-penzberg.de\/index.php?rest_route=\/wp\/v2\/types\/post"}],"author":[{"embeddable":true,"href":"http:\/\/www.awo-penzberg.de\/index.php?rest_route=\/wp\/v2\/users\/3"}],"replies":[{"embeddable":true,"href":"http:\/\/www.awo-penzberg.de\/index.php?rest_route=%2Fwp%2Fv2%2Fcomments&post=1624"}],"version-history":[{"count":8,"href":"http:\/\/www.awo-penzberg.de\/index.php?rest_route=\/wp\/v2\/posts\/1624\/revisions"}],"predecessor-version":[{"id":1650,"href":"http:\/\/www.awo-penzberg.de\/index.php?rest_route=\/wp\/v2\/posts\/1624\/revisions\/1650"}],"wp:attachment":[{"href":"http:\/\/www.awo-penzberg.de\/index.php?rest_route=%2Fwp%2Fv2%2Fmedia&parent=1624"}],"wp:term":[{"taxonomy":"category","embeddable":true,"href":"http:\/\/www.awo-penzberg.de\/index.php?rest_route=%2Fwp%2Fv2%2Fcategories&post=1624"},{"taxonomy":"post_tag","embeddable":true,"href":"http:\/\/www.awo-penzberg.de\/index.php?rest_route=%2Fwp%2Fv2%2Ftags&post=1624"}],"curies":[{"name":"wp","href":"https:\/\/api.w.org\/{rel}","templated":true}]}}