{"id":1657,"date":"2020-03-15T18:28:52","date_gmt":"2020-03-15T16:28:52","guid":{"rendered":"http:\/\/www.awo-penzberg.de\/?p=1657"},"modified":"2020-09-28T08:33:25","modified_gmt":"2020-09-28T06:33:25","slug":"ausfall-von-allen-awo-terminen-ab-15-3-20-wegen-corona","status":"publish","type":"post","link":"http:\/\/www.awo-penzberg.de\/?p=1657","title":{"rendered":"Ausfall von allen AWO Terminen ab 15.3.20 wegen Corona"},"content":{"rendered":"<blockquote><p>\u200e<span class=\"s4\">Liebe AWO- Mitglieder und AWO F<\/span><span class=\"s4\">reunde&nbsp;<\/span><span class=\"s4\">in Penzberg<\/span><span class=\"s4\">,<\/span><\/p><\/blockquote>\n<p><span class=\"s4\">wegen der <\/span><span class=\"s5\">Corona<\/span><span class=\"s5\">virus<\/span><span class=\"s5\">krise<\/span> <span class=\"s4\">fallen<\/span><span class=\"s4\"> alle<\/span><span class=\"s4\"> unsere Aktiv<\/span><span class=\"s4\">it\u00e4ten und Veranstaltungen<\/span><span class=\"s4\"> bis auf Weiteres&nbsp;<\/span><span class=\"s4\">aus.<\/span><\/p>\n<p><span class=\"s4\">\u00dcber eine<\/span><span class=\"s4\"> Wiederaufnahme werden wir Sie rechtzeitig informieren.<\/span><\/p>\n<p><span class=\"s4\">Wir bitten um Ihr <\/span><span class=\"s4\">V<\/span><span class=\"s4\">erst\u00e4ndnis und bleiben Sie gesund!<\/span><\/p>\n<p><span class=\"s4\">Ute Frohwein-Sendl&nbsp;<\/span><\/p>\n<p><span class=\"s4\">1. Vorsitzende<\/span><\/p>\n","protected":false},"excerpt":{"rendered":"<p>\u200eLiebe AWO- Mitglieder und AWO Freunde&nbsp;in Penzberg, wegen der Coronaviruskrise fallen alle unsere Aktivit\u00e4ten und Veranstaltungen bis auf Weiteres&nbsp;aus. \u00dcber eine Wiederaufnahme werden wir Sie rechtzeitig informieren. Wir bitten um Ihr Verst\u00e4ndnis und bleiben Sie gesund! Ute Frohwein-Sendl&nbsp; 1. Vorsitzende<\/p>\n","protected":false},"author":3,"featured_media":0,"comment_status":"closed","ping_status":"closed","sticky":false,"template":"","format":"standard","meta":[],"categories":[2],"tags":[],"_links":{"self":[{"href":"http:\/\/www.awo-penzberg.de\/index.php?rest_route=\/wp\/v2\/posts\/1657"}],"collection":[{"href":"http:\/\/www.awo-penzberg.de\/index.php?rest_route=\/wp\/v2\/posts"}],"about":[{"href":"http:\/\/www.awo-penzberg.de\/index.php?rest_route=\/wp\/v2\/types\/post"}],"author":[{"embeddable":true,"href":"http:\/\/www.awo-penzberg.de\/index.php?rest_route=\/wp\/v2\/users\/3"}],"replies":[{"embeddable":true,"href":"http:\/\/www.awo-penzberg.de\/index.php?rest_route=%2Fwp%2Fv2%2Fcomments&post=1657"}],"version-history":[{"count":2,"href":"http:\/\/www.awo-penzberg.de\/index.php?rest_route=\/wp\/v2\/posts\/1657\/revisions"}],"predecessor-version":[{"id":1700,"href":"http:\/\/www.awo-penzberg.de\/index.php?rest_route=\/wp\/v2\/posts\/1657\/revisions\/1700"}],"wp:attachment":[{"href":"http:\/\/www.awo-penzberg.de\/index.php?rest_route=%2Fwp%2Fv2%2Fmedia&parent=1657"}],"wp:term":[{"taxonomy":"category","embeddable":true,"href":"http:\/\/www.awo-penzberg.de\/index.php?rest_route=%2Fwp%2Fv2%2Fcategories&post=1657"},{"taxonomy":"post_tag","embeddable":true,"href":"http:\/\/www.awo-penzberg.de\/index.php?rest_route=%2Fwp%2Fv2%2Ftags&post=1657"}],"curies":[{"name":"wp","href":"https:\/\/api.w.org\/{rel}","templated":true}]}}