{"id":1665,"date":"2020-04-07T12:52:40","date_gmt":"2020-04-07T10:52:40","guid":{"rendered":"http:\/\/www.awo-penzberg.de\/?p=1665"},"modified":"2023-03-28T15:18:47","modified_gmt":"2023-03-28T13:18:47","slug":"wichtige-informationen-fuer-sie-alle","status":"publish","type":"post","link":"http:\/\/www.awo-penzberg.de\/?p=1665","title":{"rendered":"Wichtige Informationen f\u00fcr Sie alle!"},"content":{"rendered":"<p><strong>An alle Mitglieder und Freunde<\/strong><br \/>\n<strong> der AWO-Penzberg<\/strong><\/p>\n<p>Liebe Mitglieder und Freunde unseres AWO-Ortsvereins,<\/p>\n<p>wir erleben gerade schwere Zeiten. Der Cornavirus hat unser gewohntes Leben auf den Kopf gestellt. Wir alle leben jetzt mit Einschr\u00e4nkungen, die wir uns nicht haben vorstellen k\u00f6nnen. Einfach Freunde zu besuchen, gemeinsam essen gehen oder in einer Gruppe etwas unternehmen: all dies ist derzeit nicht m\u00f6glich. Doch als Gemeinschaft werden wir diese Krise bestehen. Solidarit\u00e4t mit den \u00c4lteren und den Kranken ist jetzt das Gebot. Unser Dank gilt in diesen Tagen all denen, die an verantwortlicher Stelle schwere Entscheidungen treffen m\u00fcssen und an die Menschen, die mit einem enormen pers\u00f6nlichen Engagement dazu beitragen, dass Kranke behandelt werden und die Versorgung und Sicherheit f\u00fcr uns alle aufrechterhalten wird.<\/p>\n<p>Diese Krise hat auch <u>Auswirkungen auf unseren AWO-Ortsverein<\/u>: So haben wir bis auf Weiteres alle unsere regelm\u00e4\u00dfigen Angebote, wie z.B. den Alten- und Seniorenclub, unseren Strickreis, den Stammtisch oder unsere Kleiderzentrale ausgesetzt. Verschieben m\u00fcssen wir auch unseren allj\u00e4hrlichen Muttertagsausflug und unsere f\u00fcr das Fr\u00fchjahr angesetzte Mitgliederversammlung mit Neuwahlen der Vorstandschaft. Beides werden wir im Herbst nachholen.<\/p>\n<p><u><strong>Noch ein Hinweis<\/strong>:<\/u> Wer von Ihnen Hilfe ben\u00f6tigt \u2013 z.B. unsere \u00e4lteren Mitglieder beim Einkaufen \u2013, soll sich bitte telefonisch unter<strong> 08856 \u2013 803907<\/strong> an mich wenden. Gerne werde ich dies f\u00fcr Sie organisieren.<\/p>\n<p>Jetzt m\u00f6chte ich Ihnen allen ein frohes Osterfest w\u00fcnschen, auch wenn dieses heuer anders sein wird wie gewohnt. Doch jetzt gilt es zusammenzustehen, auch wenn wir nicht zusammen sein k\u00f6nnen und mit unserem Verhalten andere zu sch\u00fctzen. Also bleiben Sie zu Hause und vor allem <strong>BLEIBEN SIE GESUND!&nbsp;&nbsp;&nbsp;&nbsp; <\/strong><\/p>\n<p>Mit herzlichen Gr\u00fc\u00dfen<\/p>\n<p>Ute Frohwein-Sendl<\/p>\n<p>&nbsp;<\/p>\n","protected":false},"excerpt":{"rendered":"<p>An alle Mitglieder und Freunde der AWO-Penzberg Liebe Mitglieder und Freunde unseres AWO-Ortsvereins, wir erleben gerade schwere Zeiten. Der Cornavirus hat unser gewohntes Leben auf den Kopf gestellt. Wir alle leben jetzt mit Einschr\u00e4nkungen, die wir uns nicht haben vorstellen k\u00f6nnen. Einfach Freunde zu besuchen, gemeinsam essen gehen oder in einer Gruppe etwas unternehmen: all [&hellip;]<\/p>\n","protected":false},"author":3,"featured_media":0,"comment_status":"closed","ping_status":"closed","sticky":false,"template":"","format":"standard","meta":[],"categories":[7,2],"tags":[],"_links":{"self":[{"href":"http:\/\/www.awo-penzberg.de\/index.php?rest_route=\/wp\/v2\/posts\/1665"}],"collection":[{"href":"http:\/\/www.awo-penzberg.de\/index.php?rest_route=\/wp\/v2\/posts"}],"about":[{"href":"http:\/\/www.awo-penzberg.de\/index.php?rest_route=\/wp\/v2\/types\/post"}],"author":[{"embeddable":true,"href":"http:\/\/www.awo-penzberg.de\/index.php?rest_route=\/wp\/v2\/users\/3"}],"replies":[{"embeddable":true,"href":"http:\/\/www.awo-penzberg.de\/index.php?rest_route=%2Fwp%2Fv2%2Fcomments&post=1665"}],"version-history":[{"count":2,"href":"http:\/\/www.awo-penzberg.de\/index.php?rest_route=\/wp\/v2\/posts\/1665\/revisions"}],"predecessor-version":[{"id":1802,"href":"http:\/\/www.awo-penzberg.de\/index.php?rest_route=\/wp\/v2\/posts\/1665\/revisions\/1802"}],"wp:attachment":[{"href":"http:\/\/www.awo-penzberg.de\/index.php?rest_route=%2Fwp%2Fv2%2Fmedia&parent=1665"}],"wp:term":[{"taxonomy":"category","embeddable":true,"href":"http:\/\/www.awo-penzberg.de\/index.php?rest_route=%2Fwp%2Fv2%2Fcategories&post=1665"},{"taxonomy":"post_tag","embeddable":true,"href":"http:\/\/www.awo-penzberg.de\/index.php?rest_route=%2Fwp%2Fv2%2Ftags&post=1665"}],"curies":[{"name":"wp","href":"https:\/\/api.w.org\/{rel}","templated":true}]}}