{"id":1697,"date":"2020-09-28T08:31:03","date_gmt":"2020-09-28T06:31:03","guid":{"rendered":"http:\/\/www.awo-penzberg.de\/?p=1697"},"modified":"2022-10-09T18:27:38","modified_gmt":"2022-10-09T16:27:38","slug":"awo-kleiderzentrale-ab-sofort-wieder-geoeffnet","status":"publish","type":"post","link":"http:\/\/www.awo-penzberg.de\/?p=1697","title":{"rendered":"AWO Kleiderzentrale ab sofort wieder ge\u00f6ffnet!"},"content":{"rendered":"<p><strong>Pressemitteilung<\/strong><\/p>\n<ol start=\"26\">\n<li>September 2020<\/li>\n<\/ol>\n<p><strong>&nbsp;<\/strong><strong><u>AWO Kleider \u2013 Zentrale wieder ge\u00f6ffnet<\/u><\/strong><\/p>\n<p>Die Kleider Zentrale der AWO-Penzberg musste wegen der Corona Pandemie f\u00fcr viele Wochen geschlossen bleiben. Nun gib es einen Neustart.<\/p>\n<p>Seit zwei Wochen ist die Kleider-Zentrale der AWO (Josef-Boos-Platz 1, Untergescho\u00df) <strong>wieder jeden Donnerstag<\/strong> \u2013 au\u00dfer in den Schulferien &#8211; von 14 bis 17 Uhr ge\u00f6ffnet. Auf die Besucher wartet ein vielf\u00e4ltiges Angebot an Kleidung f\u00fcr Kinder und Erwachsene. Au\u00dferdem gibt es Kinderb\u00fccher und Spielsachen.<\/p>\n<p>Zu beachten sind die Hygienevorschriften. W\u00e4hrend der gesamten Dauer des Besuchs in der Kleider Zentrale ist ein Mund-Nasen Schutz zu tragen.<\/p>\n<p>Die n\u00e4chsten \u00d6ffnungstermine sind:<\/p>\n<p><strong>Donnerstag 01. Oktober, Donnerstag, 08. Oktober, Donnerstag 15. Oktober, Donnerstag 22. Oktober und Donnerstag, 29. Oktober<\/strong><\/p>\n<p>Die Verantwortlichen der Kleiderzentrale freuen sich auf einen zahlreichen Besuch!<\/p>\n<p>AWO, Ortsverein Penzberg e.V.<\/p>\n<p>Ute Frohwein-Sendl, 1. Vorsitzende<br \/>\nFriedrich-Ebert-Stra\u00dfe 9<br \/>\n<span style=\"font-size: inherit\">82377 Penzberg,<br \/>\n<\/span><span style=\"font-size: inherit\">Tel. 08856 -803907<br \/>\n<\/span><span style=\"font-size: inherit\">E-Mail: ute.frohwein@awo-penzberg.de<\/span><\/p>\n","protected":false},"excerpt":{"rendered":"<p>Pressemitteilung September 2020 &nbsp;AWO Kleider \u2013 Zentrale wieder ge\u00f6ffnet Die Kleider Zentrale der AWO-Penzberg musste wegen der Corona Pandemie f\u00fcr viele Wochen geschlossen bleiben. Nun gib es einen Neustart. Seit zwei Wochen ist die Kleider-Zentrale der AWO (Josef-Boos-Platz 1, Untergescho\u00df) wieder jeden Donnerstag \u2013 au\u00dfer in den Schulferien &#8211; von 14 bis 17 Uhr ge\u00f6ffnet. [&hellip;]<\/p>\n","protected":false},"author":3,"featured_media":0,"comment_status":"closed","ping_status":"closed","sticky":false,"template":"","format":"standard","meta":[],"categories":[1],"tags":[],"_links":{"self":[{"href":"http:\/\/www.awo-penzberg.de\/index.php?rest_route=\/wp\/v2\/posts\/1697"}],"collection":[{"href":"http:\/\/www.awo-penzberg.de\/index.php?rest_route=\/wp\/v2\/posts"}],"about":[{"href":"http:\/\/www.awo-penzberg.de\/index.php?rest_route=\/wp\/v2\/types\/post"}],"author":[{"embeddable":true,"href":"http:\/\/www.awo-penzberg.de\/index.php?rest_route=\/wp\/v2\/users\/3"}],"replies":[{"embeddable":true,"href":"http:\/\/www.awo-penzberg.de\/index.php?rest_route=%2Fwp%2Fv2%2Fcomments&post=1697"}],"version-history":[{"count":2,"href":"http:\/\/www.awo-penzberg.de\/index.php?rest_route=\/wp\/v2\/posts\/1697\/revisions"}],"predecessor-version":[{"id":1699,"href":"http:\/\/www.awo-penzberg.de\/index.php?rest_route=\/wp\/v2\/posts\/1697\/revisions\/1699"}],"wp:attachment":[{"href":"http:\/\/www.awo-penzberg.de\/index.php?rest_route=%2Fwp%2Fv2%2Fmedia&parent=1697"}],"wp:term":[{"taxonomy":"category","embeddable":true,"href":"http:\/\/www.awo-penzberg.de\/index.php?rest_route=%2Fwp%2Fv2%2Fcategories&post=1697"},{"taxonomy":"post_tag","embeddable":true,"href":"http:\/\/www.awo-penzberg.de\/index.php?rest_route=%2Fwp%2Fv2%2Ftags&post=1697"}],"curies":[{"name":"wp","href":"https:\/\/api.w.org\/{rel}","templated":true}]}}