{"id":1760,"date":"2022-01-19T11:53:00","date_gmt":"2022-01-19T09:53:00","guid":{"rendered":"http:\/\/www.awo-penzberg.de\/?p=1760"},"modified":"2023-02-22T10:45:48","modified_gmt":"2023-02-22T08:45:48","slug":"awo-kleiderzentrale-im-januar-geoeffnet","status":"publish","type":"post","link":"http:\/\/www.awo-penzberg.de\/?p=1760","title":{"rendered":"<strong>AWO Kleiderzentrale hat  ge\u00f6ffnet!<\/strong>"},"content":{"rendered":"\n<p><strong><u>\u00d6ffnungstage der AWO Kleiderzentrale im Oktober<\/u><\/strong><strong><u><\/u><\/strong><\/p>\n\n\n\n<p>Die Kleiderzentrale der AWO Penzberg im Josef-Boos-Heim (Untergeschoss) am Josef-Boos-Platz 1 &nbsp;ist f\u00fcr alle Interessierten im Oktober wie folgt ge\u00f6ffnet:<\/p>\n\n\n\n<p>Donnerstag, den 06. Oktober 2022&nbsp;&nbsp;&nbsp;&nbsp;&nbsp;&nbsp; &nbsp;&nbsp;&nbsp;&nbsp;&nbsp;&nbsp;&nbsp;&nbsp;&nbsp; von 14 Uhr bis 17 Uhr<\/p>\n\n\n\n<p>Donnerstag, den 13. Oktober 2022&nbsp;&nbsp;&nbsp;&nbsp;&nbsp;&nbsp; &nbsp;&nbsp;&nbsp;&nbsp;&nbsp;&nbsp;&nbsp;&nbsp;&nbsp; von 14 Uhr bis 17 Uhr<\/p>\n\n\n\n<p>Donnerstag, den 20. Oktober 2022&nbsp;&nbsp;&nbsp;&nbsp;&nbsp;&nbsp; &nbsp;&nbsp;&nbsp;&nbsp;&nbsp;&nbsp;&nbsp;&nbsp;&nbsp; von 14 Uhr bis 17 Uhr<\/p>\n\n\n\n<p>Donnerstag, den 27. Oktober 2022&nbsp;&nbsp;&nbsp;&nbsp;&nbsp;&nbsp; &nbsp;&nbsp;&nbsp;&nbsp;&nbsp;&nbsp;&nbsp;&nbsp;&nbsp; von 14 Uhr bis 17 Uhr<\/p>\n\n\n\n<p>Auf die Besucher wartet ein vielf\u00e4ltiges Angebot an Kinderkleidung. In der Fundgrube der AWO befindet sich aber auch gut erhaltene Kleidung f\u00fcr Erwachsene. Au\u00dferdem gibt es Kinderb\u00fccher und Spielsachen.<\/p>\n\n\n\n<p><strong>Zu beachten sind die Hygienevorschriften. W\u00e4hrend der gesamten Dauer des Besuchs in der Kleiderzentrale ist eine FFP 2-Maske zu tragen. Wir bitten um Verst\u00e4ndnis.<\/strong><\/p>\n\n\n\n<p>Die ehrenamtlichen Helferinnen und der Vorstand des AWO Ortsvereins Penzberg e. V. freuen sich auf zahlreiche Besucher*innen!<\/p>\n\n\n\n<p>AWO, Ortsverein Penzberg e.V.<\/p>\n\n\n\n<p>Ute Frohwein-Sendl, 1. Vorsitzende<\/p>\n\n\n\n<p>Friedrich-Ebert-Stra\u00dfe 9<\/p>\n\n\n\n<p>82377 Penzberg,<\/p>\n\n\n\n<p>Tel. 08856 -803907<\/p>\n\n\n\n<p>E-Mail: ute.frohwein-sendl@awo-penzberg.de<\/p>\n","protected":false},"excerpt":{"rendered":"<p>\u00d6ffnungstage der AWO Kleiderzentrale im Oktober Die Kleiderzentrale der AWO Penzberg im Josef-Boos-Heim (Untergeschoss) am Josef-Boos-Platz 1 &nbsp;ist f\u00fcr alle Interessierten im Oktober wie folgt ge\u00f6ffnet: Donnerstag, den 06. Oktober 2022&nbsp;&nbsp;&nbsp;&nbsp;&nbsp;&nbsp; &nbsp;&nbsp;&nbsp;&nbsp;&nbsp;&nbsp;&nbsp;&nbsp;&nbsp; von 14 Uhr bis 17 Uhr Donnerstag, den 13. Oktober 2022&nbsp;&nbsp;&nbsp;&nbsp;&nbsp;&nbsp; &nbsp;&nbsp;&nbsp;&nbsp;&nbsp;&nbsp;&nbsp;&nbsp;&nbsp; von 14 Uhr bis 17 Uhr Donnerstag, den 20. Oktober 2022&nbsp;&nbsp;&nbsp;&nbsp;&nbsp;&nbsp; [&hellip;]<\/p>\n","protected":false},"author":3,"featured_media":0,"comment_status":"closed","ping_status":"closed","sticky":false,"template":"","format":"standard","meta":[],"categories":[1],"tags":[],"_links":{"self":[{"href":"http:\/\/www.awo-penzberg.de\/index.php?rest_route=\/wp\/v2\/posts\/1760"}],"collection":[{"href":"http:\/\/www.awo-penzberg.de\/index.php?rest_route=\/wp\/v2\/posts"}],"about":[{"href":"http:\/\/www.awo-penzberg.de\/index.php?rest_route=\/wp\/v2\/types\/post"}],"author":[{"embeddable":true,"href":"http:\/\/www.awo-penzberg.de\/index.php?rest_route=\/wp\/v2\/users\/3"}],"replies":[{"embeddable":true,"href":"http:\/\/www.awo-penzberg.de\/index.php?rest_route=%2Fwp%2Fv2%2Fcomments&post=1760"}],"version-history":[{"count":3,"href":"http:\/\/www.awo-penzberg.de\/index.php?rest_route=\/wp\/v2\/posts\/1760\/revisions"}],"predecessor-version":[{"id":1779,"href":"http:\/\/www.awo-penzberg.de\/index.php?rest_route=\/wp\/v2\/posts\/1760\/revisions\/1779"}],"wp:attachment":[{"href":"http:\/\/www.awo-penzberg.de\/index.php?rest_route=%2Fwp%2Fv2%2Fmedia&parent=1760"}],"wp:term":[{"taxonomy":"category","embeddable":true,"href":"http:\/\/www.awo-penzberg.de\/index.php?rest_route=%2Fwp%2Fv2%2Fcategories&post=1760"},{"taxonomy":"post_tag","embeddable":true,"href":"http:\/\/www.awo-penzberg.de\/index.php?rest_route=%2Fwp%2Fv2%2Ftags&post=1760"}],"curies":[{"name":"wp","href":"https:\/\/api.w.org\/{rel}","templated":true}]}}