{"id":1806,"date":"2023-03-28T15:33:05","date_gmt":"2023-03-28T13:33:05","guid":{"rendered":"http:\/\/www.awo-penzberg.de\/?p=1806"},"modified":"2023-03-28T15:36:36","modified_gmt":"2023-03-28T13:36:36","slug":"awo-penzberg-mit-aktion-gegen-rassismus","status":"publish","type":"post","link":"http:\/\/www.awo-penzberg.de\/?p=1806","title":{"rendered":"AWO Penzberg mit Aktion gegen Rassismus"},"content":{"rendered":"\n<p>Pressemitteilung<\/p>\n\n\n\n<p>Penzberg, den 22. M\u00e4rz 2023<\/p>\n\n\n\n<p>AWO Penzberg mit Aktion gegen Rassismus<\/p>\n\n\n\n<p>&#8222;&#8230;&#8230;aufeinander zugehen&#8220; so sangen die Kinder des AWO Kinderhaus in der Birkenstra\u00dfe am Stadtplatz zum internationalen Tag gegen Rassismus am Dienstag, den 21.M\u00e4rz.<\/p>\n\n\n\n<p>Der AWO-Ortsverein Penzberg nahm dieses Datum zum Anlass sich klar gegen jegliche Form von Rassismus und f\u00fcr Vielfalt und Offenheit zu bekennen. &#8222;Damit wollen wir Gesicht zeigen f\u00fcr eine offene und vielf\u00e4ltige Gesellschaft&#8220;, sagt die Ortsvorsitzende Ute Frohwein-Sendl.<\/p>\n\n\n\n<p>\u201eSich gegenseitig zu akzeptieren, egal welcher Nationalit\u00e4t, welcher Hautfarbe und welcher Religion, also f\u00fcr Solidarit\u00e4t, Gerechtigkeit, Toleranz, Freiheit und Gleichheit, ist die Aufgabe einer offenen Gesellschaft\u201c, so die Vorsitzende.<\/p>\n\n\n\n<p>Mit dieser Aktion soll auch deutlich gemacht werden, dass in vielen Berufen wie z.B. in der Pflege, in der Kinderbetreuung und auch in der freien Wirtschaft, wie etwa der Gastronomie ohne die vielen B\u00fcrger*innen mit Migrationshintergrund Stillstand herrschen w\u00fcrde.<\/p>\n\n\n\n<p>Als \u00e4u\u00dferes Zeichen verteilten ehrenamtliche MitabeiterInnen der AWO geh\u00e4kelten Herzen mit Botschaften gegen Rassismus an die B\u00fcrger*innen.<\/p>\n\n\n\n<figure class=\"wp-block-image size-large is-style-default\"><img loading=\"lazy\" width=\"1024\" height=\"422\" src=\"http:\/\/www.awo-penzberg.de\/wp-content\/uploads\/2023\/03\/7CEBE1D6-CE9D-4692-BDF0-AE6169240ABD-1024x422.jpeg\" alt=\"\" class=\"wp-image-1808\" srcset=\"http:\/\/www.awo-penzberg.de\/wp-content\/uploads\/2023\/03\/7CEBE1D6-CE9D-4692-BDF0-AE6169240ABD-1024x422.jpeg 1024w, http:\/\/www.awo-penzberg.de\/wp-content\/uploads\/2023\/03\/7CEBE1D6-CE9D-4692-BDF0-AE6169240ABD-300x124.jpeg 300w, http:\/\/www.awo-penzberg.de\/wp-content\/uploads\/2023\/03\/7CEBE1D6-CE9D-4692-BDF0-AE6169240ABD-768x317.jpeg 768w, http:\/\/www.awo-penzberg.de\/wp-content\/uploads\/2023\/03\/7CEBE1D6-CE9D-4692-BDF0-AE6169240ABD-1536x633.jpeg 1536w, http:\/\/www.awo-penzberg.de\/wp-content\/uploads\/2023\/03\/7CEBE1D6-CE9D-4692-BDF0-AE6169240ABD-2048x845.jpeg 2048w, http:\/\/www.awo-penzberg.de\/wp-content\/uploads\/2023\/03\/7CEBE1D6-CE9D-4692-BDF0-AE6169240ABD-624x257.jpeg 624w\" sizes=\"(max-width: 1024px) 100vw, 1024px\" \/><\/figure>\n\n\n\n<p>v.l.n.r.: Karin Mooshammer, Stela Keserov und Ute Frohwein-Sendl, 1. Vorsitzende AWO Penzberg und Kinder des AWO Kinderhauses<\/p>\n\n\n\n<p>Mit freundlichen Gr\u00fc\u00dfen<\/p>\n\n\n\n<p>Ute Frohwein-Sendl<\/p>\n\n\n\n<p>1. Vorsitzende<\/p>\n","protected":false},"excerpt":{"rendered":"<p>Pressemitteilung Penzberg, den 22. M\u00e4rz 2023 AWO Penzberg mit Aktion gegen Rassismus &#8222;&#8230;&#8230;aufeinander zugehen&#8220; so sangen die Kinder des AWO Kinderhaus in der Birkenstra\u00dfe am Stadtplatz zum internationalen Tag gegen Rassismus am Dienstag, den 21.M\u00e4rz. Der AWO-Ortsverein Penzberg nahm dieses Datum zum Anlass sich klar gegen jegliche Form von Rassismus und f\u00fcr Vielfalt und Offenheit [&hellip;]<\/p>\n","protected":false},"author":3,"featured_media":0,"comment_status":"closed","ping_status":"closed","sticky":false,"template":"","format":"standard","meta":[],"categories":[7,2],"tags":[],"_links":{"self":[{"href":"http:\/\/www.awo-penzberg.de\/index.php?rest_route=\/wp\/v2\/posts\/1806"}],"collection":[{"href":"http:\/\/www.awo-penzberg.de\/index.php?rest_route=\/wp\/v2\/posts"}],"about":[{"href":"http:\/\/www.awo-penzberg.de\/index.php?rest_route=\/wp\/v2\/types\/post"}],"author":[{"embeddable":true,"href":"http:\/\/www.awo-penzberg.de\/index.php?rest_route=\/wp\/v2\/users\/3"}],"replies":[{"embeddable":true,"href":"http:\/\/www.awo-penzberg.de\/index.php?rest_route=%2Fwp%2Fv2%2Fcomments&post=1806"}],"version-history":[{"count":3,"href":"http:\/\/www.awo-penzberg.de\/index.php?rest_route=\/wp\/v2\/posts\/1806\/revisions"}],"predecessor-version":[{"id":1810,"href":"http:\/\/www.awo-penzberg.de\/index.php?rest_route=\/wp\/v2\/posts\/1806\/revisions\/1810"}],"wp:attachment":[{"href":"http:\/\/www.awo-penzberg.de\/index.php?rest_route=%2Fwp%2Fv2%2Fmedia&parent=1806"}],"wp:term":[{"taxonomy":"category","embeddable":true,"href":"http:\/\/www.awo-penzberg.de\/index.php?rest_route=%2Fwp%2Fv2%2Fcategories&post=1806"},{"taxonomy":"post_tag","embeddable":true,"href":"http:\/\/www.awo-penzberg.de\/index.php?rest_route=%2Fwp%2Fv2%2Ftags&post=1806"}],"curies":[{"name":"wp","href":"https:\/\/api.w.org\/{rel}","templated":true}]}}