{"id":1812,"date":"2023-08-03T15:04:27","date_gmt":"2023-08-03T13:04:27","guid":{"rendered":"http:\/\/www.awo-penzberg.de\/?p=1812"},"modified":"2023-08-03T15:04:27","modified_gmt":"2023-08-03T13:04:27","slug":"bericht-von-der-awo-hauptversammlung-2023","status":"publish","type":"post","link":"http:\/\/www.awo-penzberg.de\/?p=1812","title":{"rendered":"Bericht von der AWO Hauptversammlung 2023"},"content":{"rendered":"\n<p>Jahreshauptversammlung der AWO Interessanter Vortrag von Simon Br\u00e4utigam zum Thema Trickbetrug<\/p>\n\n\n\n<p>Die Jahreshauptversammlung der AWO Penzberg e. V. fand 2023 am Samstag, den 08.Juli, im Nebensaal der Stadthalle statt.<\/p>\n\n\n\n<p>In ihrem Bericht ging die 1. Vorsitzenden Ute Frohwein-Sendl auf das Vereinsleben im Berichtszeitraum ein und hob dabei die vielf\u00e4ltigen Aktivit\u00e4ten wie z. B. den Muttertagsauslfug, den Tag gegen Rassismus, Martinsumzug, Adventsfeier, Strickkreis, das Lernpatenprojekt oder die Treffen des Freizeitclubs hervor. Die Umgestaltung der R\u00e4umlichkeiten der \u201eKleiderzentrale f\u00fcr Gro\u00df und Klein\u201c, die nun in einem neuen freundlichen Licht erstrahlen, war ein weiterer Schwerpunkt. Auch das Thema Upcycling, also aus Ladenh\u00fcter neues zu machen, wird in der Kleiderzentrale umgesetzt. So entstanden z.B. viele Taschen aus alten gebrauchten Kleidern.<\/p>\n\n\n\n<p>In ihrem Bericht ging Ute Frohwein-Sendl auch auf die Leistungen der Wohlfahrtsverb\u00e4nde f\u00fcr eine solidarische, gerechte und offene Gesellschaft ein. F\u00fcr Penzberg bedeutet dies ganz konkret vor allem die Unterst\u00fctzung f\u00fcr hilfsbed\u00fcrftige Menschen. Oft sind es Sachleistungen, kleine Aufmerksamkeiten aber auch direkte finanzielle Hilfen, um Notlagen zu vermeiden. Die Erl\u00f6se aus den Landessammlungen, Spenden und die Mitgliedsbeitr\u00e4ge erm\u00f6glichen es der AWO, diese Hilfen auszuweiten. Frohwein-Sendl danke allen ehrenamtlichen Helferinnen und Helfern f\u00fcr ihre vorbildliche Arbeit. Ohne dieses enorme Engagement w\u00e4re all dies nicht m\u00f6glich, so die Vorsitzende.<\/p>\n\n\n\n<p>Der Vortrag von Kriminalhauptkommissar Simon Br\u00e4utigam zum Thema Trickbetrug war der zweite Schwerpunkt der Mitgliederversammlung. Herr Br\u00e4utigam stellte dabei einleitend klar, dass hier jeder betroffen sein kann. So sind die Trickbetr\u00fcger nicht nur bei Seniorinnen und Senioren unterwegs, sondern Opfer werden ebenso junge Menschen. Er warnte: \u201eJe sicherer wir uns f\u00fchlen, umso niedriger ist unser Schutzschirm\u201c. Diesen \u201eSchutzschirm\u201c so Simon Br\u00e4utigam, fahren wir im Urlaub oder in der eigenen Wohnung auf \u201eNull\u201c herunter. Hier erreichen dann die Trickbetr\u00fcger die meistens Menschen an einem wunden Punkt. Anschlie\u00dfend ging Simon Br\u00e4utigam auf die verschiedenen Formen der Trickbetr\u00fcgerei ein und verteilte entsprechendes Informationsmaterial.<\/p>\n\n\n\n<p>Mit freundlichen Gr\u00fc\u00dfen<\/p>\n\n\n\n<p>AWO, Ortsverein Penzberg e.V.<\/p>\n\n\n\n<p>Ute Frohwein-Sendl, 1. Vorsitzende<\/p>\n\n\n\n<p><\/p>\n\n\n\n<p>Anlage: Ein Foto zur Aktion Upcycling<\/p>\n\n\n\n<p>v.r.n.l:<\/p>\n\n\n\n<p>o Irene Petzko, Beisitzerin<\/p>\n\n\n\n<p>o Anik\u00f3 Rosenberger, stellvertretende Vorsitzende<\/p>\n\n\n\n<p>o Christine Eisenmann-Bl\u00fcmke, Kassiererin<\/p>\n\n\n\n<p>o Annette Helfferich-Thomas, Beisitzerin<\/p>\n\n\n\n<p>o Heidi Bl\u00f6\u00dfl, Beisitzerin<\/p>\n\n\n\n<p>o Ute Frohwein-Sendl, 1. Vorsitzende<\/p>\n\n\n\n<p>o Monika Gr\u00e4f, Beisitzerin<\/p>\n\n\n\n<p>o Lilo Knirzinger, Revisorin<\/p>\n\n\n\n<p>o Ingrid Brummer, Schriftf\u00fchrerin<\/p>\n\n\n\n<p><\/p>\n","protected":false},"excerpt":{"rendered":"<p>Jahreshauptversammlung der AWO Interessanter Vortrag von Simon Br\u00e4utigam zum Thema Trickbetrug Die Jahreshauptversammlung der AWO Penzberg e. V. fand 2023 am Samstag, den 08.Juli, im Nebensaal der Stadthalle statt. In ihrem Bericht ging die 1. Vorsitzenden Ute Frohwein-Sendl auf das Vereinsleben im Berichtszeitraum ein und hob dabei die vielf\u00e4ltigen Aktivit\u00e4ten wie z. B. den Muttertagsauslfug, [&hellip;]<\/p>\n","protected":false},"author":3,"featured_media":0,"comment_status":"closed","ping_status":"closed","sticky":false,"template":"","format":"standard","meta":[],"categories":[],"tags":[],"_links":{"self":[{"href":"http:\/\/www.awo-penzberg.de\/index.php?rest_route=\/wp\/v2\/posts\/1812"}],"collection":[{"href":"http:\/\/www.awo-penzberg.de\/index.php?rest_route=\/wp\/v2\/posts"}],"about":[{"href":"http:\/\/www.awo-penzberg.de\/index.php?rest_route=\/wp\/v2\/types\/post"}],"author":[{"embeddable":true,"href":"http:\/\/www.awo-penzberg.de\/index.php?rest_route=\/wp\/v2\/users\/3"}],"replies":[{"embeddable":true,"href":"http:\/\/www.awo-penzberg.de\/index.php?rest_route=%2Fwp%2Fv2%2Fcomments&post=1812"}],"version-history":[{"count":1,"href":"http:\/\/www.awo-penzberg.de\/index.php?rest_route=\/wp\/v2\/posts\/1812\/revisions"}],"predecessor-version":[{"id":1813,"href":"http:\/\/www.awo-penzberg.de\/index.php?rest_route=\/wp\/v2\/posts\/1812\/revisions\/1813"}],"wp:attachment":[{"href":"http:\/\/www.awo-penzberg.de\/index.php?rest_route=%2Fwp%2Fv2%2Fmedia&parent=1812"}],"wp:term":[{"taxonomy":"category","embeddable":true,"href":"http:\/\/www.awo-penzberg.de\/index.php?rest_route=%2Fwp%2Fv2%2Fcategories&post=1812"},{"taxonomy":"post_tag","embeddable":true,"href":"http:\/\/www.awo-penzberg.de\/index.php?rest_route=%2Fwp%2Fv2%2Ftags&post=1812"}],"curies":[{"name":"wp","href":"https:\/\/api.w.org\/{rel}","templated":true}]}}