{"id":216,"date":"2014-02-17T21:06:36","date_gmt":"2014-02-17T21:06:36","guid":{"rendered":"http:\/\/awo-penzberg.de\/?p=216"},"modified":"2024-02-25T13:33:58","modified_gmt":"2024-02-25T11:33:58","slug":"kleiderzentrale","status":"publish","type":"post","link":"http:\/\/www.awo-penzberg.de\/?p=216","title":{"rendered":"Kleiderzentrale"},"content":{"rendered":"<p>Die Kinderkleiderzentrale der Penzberger AWO wurde 1976 von Maria Schabeck und Regina K\u00f6nig gegr\u00fcndet. Diese Einrichtung bietet seither Penzberger B\u00fcrgerinnen und B\u00fcrgern die M\u00f6glichkeit, gut erhaltene Kinderkleidung anzubieten oder zu kaufen. In den letzten Jahren wurde au\u00dferdem gespendete Erwachsenenkleidung gegen eine geringe Geb\u00fchr verkauft.<\/p>\n<p>Mit dem Verkaufserl\u00f6s unterst\u00fctzen wir B\u00fcrgerinnen und B\u00fcrger in Penzberg. Aber auch Hilfslieferungen nach Rum\u00e4nien, Mexiko oder Russland haben wir in den vergangenen Jahren mit diesen Geldern auf den Weg gebracht.<\/p>\n<p>Wir bedanken uns beim ehrenamtlichen Team f\u00fcr ihren tatkr\u00e4ftigen Einsatz Woche f\u00fcr Woche.<\/p>\n<p>Wann: Jeden Donnerstag (au\u00dfer in den Schulferien) von 14 bis 17 Uhr<br \/>\nWo: Josef-Boos-Heim \/ Josef-Boos-Platz 1, 82377 Penzberg<\/p>\n<p>In Zusammenarbeit mit der \u201cPenzberger Tafel\u201d \u00f6ffnet die Kleiderzentrale an zus\u00e4tzlichen Terminen speziell f\u00fcr Tafel-Mitglieder. Diese Termine werden regelm\u00e4\u00dfig in der Rubrik &#8222;<a title=\"Aktuelles\" href=\"http:\/\/awo-penzberg.de\/?page_id=42\">Aktuelles<\/a>&#8220; ver\u00f6ffentlicht,<\/p>\n","protected":false},"excerpt":{"rendered":"<p>Die Kinderkleiderzentrale der Penzberger AWO wurde 1976 von Maria Schabeck und Regina K\u00f6nig gegr\u00fcndet. Diese Einrichtung bietet seither Penzberger B\u00fcrgerinnen und B\u00fcrgern die M\u00f6glichkeit, gut erhaltene Kinderkleidung anzubieten oder zu kaufen. In den letzten Jahren wurde au\u00dferdem gespendete Erwachsenenkleidung gegen eine geringe Geb\u00fchr verkauft. Mit dem Verkaufserl\u00f6s unterst\u00fctzen wir B\u00fcrgerinnen und B\u00fcrger in Penzberg. Aber [&hellip;]<\/p>\n","protected":false},"author":2,"featured_media":0,"comment_status":"closed","ping_status":"closed","sticky":false,"template":"","format":"standard","meta":[],"categories":[6],"tags":[],"_links":{"self":[{"href":"http:\/\/www.awo-penzberg.de\/index.php?rest_route=\/wp\/v2\/posts\/216"}],"collection":[{"href":"http:\/\/www.awo-penzberg.de\/index.php?rest_route=\/wp\/v2\/posts"}],"about":[{"href":"http:\/\/www.awo-penzberg.de\/index.php?rest_route=\/wp\/v2\/types\/post"}],"author":[{"embeddable":true,"href":"http:\/\/www.awo-penzberg.de\/index.php?rest_route=\/wp\/v2\/users\/2"}],"replies":[{"embeddable":true,"href":"http:\/\/www.awo-penzberg.de\/index.php?rest_route=%2Fwp%2Fv2%2Fcomments&post=216"}],"version-history":[{"count":5,"href":"http:\/\/www.awo-penzberg.de\/index.php?rest_route=\/wp\/v2\/posts\/216\/revisions"}],"predecessor-version":[{"id":1852,"href":"http:\/\/www.awo-penzberg.de\/index.php?rest_route=\/wp\/v2\/posts\/216\/revisions\/1852"}],"wp:attachment":[{"href":"http:\/\/www.awo-penzberg.de\/index.php?rest_route=%2Fwp%2Fv2%2Fmedia&parent=216"}],"wp:term":[{"taxonomy":"category","embeddable":true,"href":"http:\/\/www.awo-penzberg.de\/index.php?rest_route=%2Fwp%2Fv2%2Fcategories&post=216"},{"taxonomy":"post_tag","embeddable":true,"href":"http:\/\/www.awo-penzberg.de\/index.php?rest_route=%2Fwp%2Fv2%2Ftags&post=216"}],"curies":[{"name":"wp","href":"https:\/\/api.w.org\/{rel}","templated":true}]}}