{"id":228,"date":"2014-02-17T21:07:31","date_gmt":"2014-02-17T21:07:31","guid":{"rendered":"http:\/\/awo-penzberg.de\/?p=228"},"modified":"2014-02-17T21:07:31","modified_gmt":"2014-02-17T21:07:31","slug":"schueler-treffen-senioren","status":"publish","type":"post","link":"http:\/\/www.awo-penzberg.de\/?p=228","title":{"rendered":"Sch\u00fcler treffen Senioren"},"content":{"rendered":"<p>Seit Ende 2004 gibt es diese gemeinsame Initiative der Jugendsozialarbeit der B\u00fcrgermeister-Prandl-Hauptschule und der AWO in Penzberg. In unregelm\u00e4\u00dfigen Abst\u00e4nden besuchen Sch\u00fclerinnen Heiminsassen im AWO- Seniorenzentrum. Bei diesem sehr beliebten generationen\u00fcbergreifenden Treffen wird viel erz\u00e4hlt, gebastelt und musiziert.<\/p>\n<p>Ansprechpartner:<br \/>\nUte Frohwein-Sendl, Tel. 08856\/803907<\/p>\n","protected":false},"excerpt":{"rendered":"<p>Seit Ende 2004 gibt es diese gemeinsame Initiative der Jugendsozialarbeit der B\u00fcrgermeister-Prandl-Hauptschule und der AWO in Penzberg. In unregelm\u00e4\u00dfigen Abst\u00e4nden besuchen Sch\u00fclerinnen Heiminsassen im AWO- Seniorenzentrum. Bei diesem sehr beliebten generationen\u00fcbergreifenden Treffen wird viel erz\u00e4hlt, gebastelt und musiziert. Ansprechpartner: Ute Frohwein-Sendl, Tel. 08856\/803907<\/p>\n","protected":false},"author":2,"featured_media":0,"comment_status":"closed","ping_status":"closed","sticky":false,"template":"","format":"standard","meta":[],"categories":[6],"tags":[],"_links":{"self":[{"href":"http:\/\/www.awo-penzberg.de\/index.php?rest_route=\/wp\/v2\/posts\/228"}],"collection":[{"href":"http:\/\/www.awo-penzberg.de\/index.php?rest_route=\/wp\/v2\/posts"}],"about":[{"href":"http:\/\/www.awo-penzberg.de\/index.php?rest_route=\/wp\/v2\/types\/post"}],"author":[{"embeddable":true,"href":"http:\/\/www.awo-penzberg.de\/index.php?rest_route=\/wp\/v2\/users\/2"}],"replies":[{"embeddable":true,"href":"http:\/\/www.awo-penzberg.de\/index.php?rest_route=%2Fwp%2Fv2%2Fcomments&post=228"}],"version-history":[{"count":1,"href":"http:\/\/www.awo-penzberg.de\/index.php?rest_route=\/wp\/v2\/posts\/228\/revisions"}],"predecessor-version":[{"id":229,"href":"http:\/\/www.awo-penzberg.de\/index.php?rest_route=\/wp\/v2\/posts\/228\/revisions\/229"}],"wp:attachment":[{"href":"http:\/\/www.awo-penzberg.de\/index.php?rest_route=%2Fwp%2Fv2%2Fmedia&parent=228"}],"wp:term":[{"taxonomy":"category","embeddable":true,"href":"http:\/\/www.awo-penzberg.de\/index.php?rest_route=%2Fwp%2Fv2%2Fcategories&post=228"},{"taxonomy":"post_tag","embeddable":true,"href":"http:\/\/www.awo-penzberg.de\/index.php?rest_route=%2Fwp%2Fv2%2Ftags&post=228"}],"curies":[{"name":"wp","href":"https:\/\/api.w.org\/{rel}","templated":true}]}}