{"id":230,"date":"2014-02-17T21:06:58","date_gmt":"2014-02-17T21:06:58","guid":{"rendered":"http:\/\/awo-penzberg.de\/?p=230"},"modified":"2014-02-17T21:06:58","modified_gmt":"2014-02-17T21:06:58","slug":"ausfluege-und-wandertage","status":"publish","type":"post","link":"http:\/\/www.awo-penzberg.de\/?p=230","title":{"rendered":"Ausfl\u00fcge und Wandertage"},"content":{"rendered":"<p>Immer beliebter werden die Ausfl\u00fcge, die wir f\u00fcr die Seniorinnen und Senioren der beiden Altenheime und f\u00fcr unsere AWO-Mitglieder organisieren. Dabei geht es mit dem Bus \u00fcber Land, beispielsweise zum Eibenwald bei Pei\u00dfenberg, auf die Gr\u00f6bl-Alm oder ins Kloster Reutberg. Bis zu drei Rollstuhlfahrer mit Begleitung k\u00f6nnen mit unserem behindertengerechten Bus dabei sein. Auch Wandertage in die wundersch\u00f6ne Umgebung von Penzberg Umgebung erfreuen sich gro\u00dfen Zuspruchs.<\/p>\n<p>Ansprechpartner:<br \/>\nUte Frohwein-Sendl, Tel. 08856\/803907<\/p>\n","protected":false},"excerpt":{"rendered":"<p>Immer beliebter werden die Ausfl\u00fcge, die wir f\u00fcr die Seniorinnen und Senioren der beiden Altenheime und f\u00fcr unsere AWO-Mitglieder organisieren. Dabei geht es mit dem Bus \u00fcber Land, beispielsweise zum Eibenwald bei Pei\u00dfenberg, auf die Gr\u00f6bl-Alm oder ins Kloster Reutberg. Bis zu drei Rollstuhlfahrer mit Begleitung k\u00f6nnen mit unserem behindertengerechten Bus dabei sein. Auch Wandertage [&hellip;]<\/p>\n","protected":false},"author":2,"featured_media":0,"comment_status":"closed","ping_status":"closed","sticky":false,"template":"","format":"standard","meta":[],"categories":[6],"tags":[],"_links":{"self":[{"href":"http:\/\/www.awo-penzberg.de\/index.php?rest_route=\/wp\/v2\/posts\/230"}],"collection":[{"href":"http:\/\/www.awo-penzberg.de\/index.php?rest_route=\/wp\/v2\/posts"}],"about":[{"href":"http:\/\/www.awo-penzberg.de\/index.php?rest_route=\/wp\/v2\/types\/post"}],"author":[{"embeddable":true,"href":"http:\/\/www.awo-penzberg.de\/index.php?rest_route=\/wp\/v2\/users\/2"}],"replies":[{"embeddable":true,"href":"http:\/\/www.awo-penzberg.de\/index.php?rest_route=%2Fwp%2Fv2%2Fcomments&post=230"}],"version-history":[{"count":1,"href":"http:\/\/www.awo-penzberg.de\/index.php?rest_route=\/wp\/v2\/posts\/230\/revisions"}],"predecessor-version":[{"id":231,"href":"http:\/\/www.awo-penzberg.de\/index.php?rest_route=\/wp\/v2\/posts\/230\/revisions\/231"}],"wp:attachment":[{"href":"http:\/\/www.awo-penzberg.de\/index.php?rest_route=%2Fwp%2Fv2%2Fmedia&parent=230"}],"wp:term":[{"taxonomy":"category","embeddable":true,"href":"http:\/\/www.awo-penzberg.de\/index.php?rest_route=%2Fwp%2Fv2%2Fcategories&post=230"},{"taxonomy":"post_tag","embeddable":true,"href":"http:\/\/www.awo-penzberg.de\/index.php?rest_route=%2Fwp%2Fv2%2Ftags&post=230"}],"curies":[{"name":"wp","href":"https:\/\/api.w.org\/{rel}","templated":true}]}}