{"id":281,"date":"2013-12-12T13:03:56","date_gmt":"2013-12-12T13:03:56","guid":{"rendered":"http:\/\/awo-penzberg.de\/?p=281"},"modified":"2014-04-10T17:16:54","modified_gmt":"2014-04-10T17:16:54","slug":"weihnachtsfeier-der-awo-penzberg-dezember-2013","status":"publish","type":"post","link":"http:\/\/www.awo-penzberg.de\/?p=281","title":{"rendered":"Weihnachtsfeier der AWO Penzberg Dezember 2013"},"content":{"rendered":"<p style=\"text-align: left\"><a href=\"http:\/\/awo-penzberg.de\/wp-content\/uploads\/2014\/02\/Foto-Iphone-Silvester-Weihnacht-diverses-074.jpg\"><img loading=\"lazy\" class=\"wp-image-283 aligncenter\" alt=\"Foto Iphone Silvester, Weihnacht, diverses 074\" src=\"http:\/\/awo-penzberg.de\/wp-content\/uploads\/2014\/02\/Foto-Iphone-Silvester-Weihnacht-diverses-074-300x225.jpg\" width=\"300\" height=\"225\" srcset=\"http:\/\/www.awo-penzberg.de\/wp-content\/uploads\/2014\/02\/Foto-Iphone-Silvester-Weihnacht-diverses-074-300x225.jpg 300w, http:\/\/www.awo-penzberg.de\/wp-content\/uploads\/2014\/02\/Foto-Iphone-Silvester-Weihnacht-diverses-074-1024x768.jpg 1024w, http:\/\/www.awo-penzberg.de\/wp-content\/uploads\/2014\/02\/Foto-Iphone-Silvester-Weihnacht-diverses-074-624x468.jpg 624w, http:\/\/www.awo-penzberg.de\/wp-content\/uploads\/2014\/02\/Foto-Iphone-Silvester-Weihnacht-diverses-074.jpg 1600w\" sizes=\"(max-width: 300px) 100vw, 300px\" \/><\/a>Besinnliche Weihnachten feierten dieses Jahr wieder viele Mitglieder mit uns in der\u00a0Stadthalle Penzberg. Musikalisch wurde es von den Geschwistern Merck untermalt, die uns schon seit einigen Jahren mit besinnlichen Liedern begleiten. Es wurde von allen kr\u00e4ftig mitgesungen bei Kaffee, Kuchen, Pl\u00e4tzchen und Gl\u00fchwein. Wir freuen uns auch sehr, dass wir auch dieses Jahr wieder viele langj\u00e4hrige Mitglieder auszeichnen konnten.<\/p>\n<p>Als Gastredner blickte B\u00fcrgermeister Hans Mummert auf das vergangene Jahr zur\u00fcck und berichtete \u00fcber die Flutkatastrophe in Niederbayern, wo der AWO Ortsverein ebenfalls mit Spenden geholfen hat.<\/p>\n<p>Unser Dank geht an alle ehrenamtlichen Mitarbeiter und an alle Mitglieder, die alle Jahre wieder zu diesem sch\u00f6nen Beisammensein mithelfen!<\/p>\n","protected":false},"excerpt":{"rendered":"<p>Besinnliche Weihnachten feierten dieses Jahr wieder viele Mitglieder mit uns in der\u00a0Stadthalle Penzberg. Musikalisch wurde es von den Geschwistern Merck untermalt, die uns schon seit einigen Jahren mit besinnlichen Liedern begleiten. Es wurde von allen kr\u00e4ftig mitgesungen bei Kaffee, Kuchen, Pl\u00e4tzchen und Gl\u00fchwein. Wir freuen uns auch sehr, dass wir auch dieses Jahr wieder viele [&hellip;]<\/p>\n","protected":false},"author":3,"featured_media":0,"comment_status":"closed","ping_status":"closed","sticky":false,"template":"","format":"standard","meta":[],"categories":[7],"tags":[],"_links":{"self":[{"href":"http:\/\/www.awo-penzberg.de\/index.php?rest_route=\/wp\/v2\/posts\/281"}],"collection":[{"href":"http:\/\/www.awo-penzberg.de\/index.php?rest_route=\/wp\/v2\/posts"}],"about":[{"href":"http:\/\/www.awo-penzberg.de\/index.php?rest_route=\/wp\/v2\/types\/post"}],"author":[{"embeddable":true,"href":"http:\/\/www.awo-penzberg.de\/index.php?rest_route=\/wp\/v2\/users\/3"}],"replies":[{"embeddable":true,"href":"http:\/\/www.awo-penzberg.de\/index.php?rest_route=%2Fwp%2Fv2%2Fcomments&post=281"}],"version-history":[{"count":4,"href":"http:\/\/www.awo-penzberg.de\/index.php?rest_route=\/wp\/v2\/posts\/281\/revisions"}],"predecessor-version":[{"id":286,"href":"http:\/\/www.awo-penzberg.de\/index.php?rest_route=\/wp\/v2\/posts\/281\/revisions\/286"}],"wp:attachment":[{"href":"http:\/\/www.awo-penzberg.de\/index.php?rest_route=%2Fwp%2Fv2%2Fmedia&parent=281"}],"wp:term":[{"taxonomy":"category","embeddable":true,"href":"http:\/\/www.awo-penzberg.de\/index.php?rest_route=%2Fwp%2Fv2%2Fcategories&post=281"},{"taxonomy":"post_tag","embeddable":true,"href":"http:\/\/www.awo-penzberg.de\/index.php?rest_route=%2Fwp%2Fv2%2Ftags&post=281"}],"curies":[{"name":"wp","href":"https:\/\/api.w.org\/{rel}","templated":true}]}}