{"id":287,"date":"2013-07-31T14:02:21","date_gmt":"2013-07-31T14:02:21","guid":{"rendered":"http:\/\/awo-penzberg.de\/?p=287"},"modified":"2015-02-19T09:39:43","modified_gmt":"2015-02-19T09:39:43","slug":"awo-penzberg-bei-stadtfest-der-nationen-juli-2013","status":"publish","type":"post","link":"http:\/\/www.awo-penzberg.de\/?p=287","title":{"rendered":"AWO Penzberg bei Stadtfest der Nationen Juli 2013"},"content":{"rendered":"<p>Die Stadt Penzberg feierte vergangenes Jahr ihr Stadtfest unter der Aktion &#8220; Eine Stadt- 74 Nationen&#8220;, wo das Team der AWO auch mit einem Stand und Aktionen vertreten war.<\/p>\n<p>Wir schminkten Kinder mit Bemalungen, so entstanden viele kleine Prinzessinengesichter, viele Piraten, Seem\u00e4nner und andere wundersch\u00f6ne bunte Gesichter.<br \/>\nVerkauft wurden von uns Fruchtspie\u00dfe f\u00fcr einen guten Zweck.<\/p>\n<p>Ein sch\u00f6ner Tag f\u00fcr alle Beteiligten, nochmals ein grosser Dank an alle ehrenamtlichen Helfer!<\/p>\n<p>Wir freuen uns, wenn wir unseren Besuchern, ob klein oder gro\u00df, einen sch\u00f6nen Tag bereiten konnten!<\/p>\n<p>Ihr Team von der AWO Penzberg<\/p>\n<p>Ein paar Impressionen dieses sch\u00f6nen Tages:<\/p>\n<p><a href=\"http:\/\/awo-penzberg.de\/wp-content\/uploads\/2014\/02\/Sommerfest_1.jpg\"><img loading=\"lazy\" class=\"alignnone size-medium wp-image-290\" src=\"http:\/\/awo-penzberg.de\/wp-content\/uploads\/2014\/02\/Sommerfest_1-300x200.jpg\" alt=\"Sommerfest_1\" width=\"300\" height=\"200\" srcset=\"http:\/\/www.awo-penzberg.de\/wp-content\/uploads\/2014\/02\/Sommerfest_1-300x200.jpg 300w, http:\/\/www.awo-penzberg.de\/wp-content\/uploads\/2014\/02\/Sommerfest_1.jpg 484w\" sizes=\"(max-width: 300px) 100vw, 300px\" \/><\/a>  <a href=\"http:\/\/awo-penzberg.de\/wp-content\/uploads\/2014\/02\/Sommerfest_3.jpg\"><img loading=\"lazy\" class=\"alignnone size-medium wp-image-292\" src=\"http:\/\/awo-penzberg.de\/wp-content\/uploads\/2014\/02\/Sommerfest_3-300x200.jpg\" alt=\"Sommerfest_3\" width=\"300\" height=\"200\" srcset=\"http:\/\/www.awo-penzberg.de\/wp-content\/uploads\/2014\/02\/Sommerfest_3-300x200.jpg 300w, http:\/\/www.awo-penzberg.de\/wp-content\/uploads\/2014\/02\/Sommerfest_3.jpg 484w\" sizes=\"(max-width: 300px) 100vw, 300px\" \/><\/a> <a href=\"http:\/\/awo-penzberg.de\/wp-content\/uploads\/2014\/02\/Sommerfest_5.jpg\"><img loading=\"lazy\" class=\"alignnone size-medium wp-image-294\" src=\"http:\/\/awo-penzberg.de\/wp-content\/uploads\/2014\/02\/Sommerfest_5-300x200.jpg\" alt=\"Sommerfest_5\" width=\"300\" height=\"200\" srcset=\"http:\/\/www.awo-penzberg.de\/wp-content\/uploads\/2014\/02\/Sommerfest_5-300x200.jpg 300w, http:\/\/www.awo-penzberg.de\/wp-content\/uploads\/2014\/02\/Sommerfest_5.jpg 484w\" sizes=\"(max-width: 300px) 100vw, 300px\" \/><\/a> <a href=\"http:\/\/awo-penzberg.de\/wp-content\/uploads\/2014\/02\/Sommerfest_6.jpg\"><img loading=\"lazy\" class=\"alignnone size-medium wp-image-295\" src=\"http:\/\/awo-penzberg.de\/wp-content\/uploads\/2014\/02\/Sommerfest_6-300x168.jpg\" alt=\"Sommerfest_6\" width=\"300\" height=\"168\" srcset=\"http:\/\/www.awo-penzberg.de\/wp-content\/uploads\/2014\/02\/Sommerfest_6-300x168.jpg 300w, http:\/\/www.awo-penzberg.de\/wp-content\/uploads\/2014\/02\/Sommerfest_6.jpg 480w\" sizes=\"(max-width: 300px) 100vw, 300px\" \/><\/a><\/p>\n","protected":false},"excerpt":{"rendered":"<p>Die Stadt Penzberg feierte vergangenes Jahr ihr Stadtfest unter der Aktion &#8220; Eine Stadt- 74 Nationen&#8220;, wo das Team der AWO auch mit einem Stand und Aktionen vertreten war. Wir schminkten Kinder mit Bemalungen, so entstanden viele kleine Prinzessinengesichter, viele Piraten, Seem\u00e4nner und andere wundersch\u00f6ne bunte Gesichter. Verkauft wurden von uns Fruchtspie\u00dfe f\u00fcr einen guten [&hellip;]<\/p>\n","protected":false},"author":3,"featured_media":0,"comment_status":"closed","ping_status":"closed","sticky":false,"template":"","format":"standard","meta":[],"categories":[7],"tags":[],"_links":{"self":[{"href":"http:\/\/www.awo-penzberg.de\/index.php?rest_route=\/wp\/v2\/posts\/287"}],"collection":[{"href":"http:\/\/www.awo-penzberg.de\/index.php?rest_route=\/wp\/v2\/posts"}],"about":[{"href":"http:\/\/www.awo-penzberg.de\/index.php?rest_route=\/wp\/v2\/types\/post"}],"author":[{"embeddable":true,"href":"http:\/\/www.awo-penzberg.de\/index.php?rest_route=\/wp\/v2\/users\/3"}],"replies":[{"embeddable":true,"href":"http:\/\/www.awo-penzberg.de\/index.php?rest_route=%2Fwp%2Fv2%2Fcomments&post=287"}],"version-history":[{"count":4,"href":"http:\/\/www.awo-penzberg.de\/index.php?rest_route=\/wp\/v2\/posts\/287\/revisions"}],"predecessor-version":[{"id":728,"href":"http:\/\/www.awo-penzberg.de\/index.php?rest_route=\/wp\/v2\/posts\/287\/revisions\/728"}],"wp:attachment":[{"href":"http:\/\/www.awo-penzberg.de\/index.php?rest_route=%2Fwp%2Fv2%2Fmedia&parent=287"}],"wp:term":[{"taxonomy":"category","embeddable":true,"href":"http:\/\/www.awo-penzberg.de\/index.php?rest_route=%2Fwp%2Fv2%2Fcategories&post=287"},{"taxonomy":"post_tag","embeddable":true,"href":"http:\/\/www.awo-penzberg.de\/index.php?rest_route=%2Fwp%2Fv2%2Ftags&post=287"}],"curies":[{"name":"wp","href":"https:\/\/api.w.org\/{rel}","templated":true}]}}