{"id":358,"date":"2014-02-23T14:17:28","date_gmt":"2014-02-23T14:17:28","guid":{"rendered":"http:\/\/awo-penzberg.de\/?p=358"},"modified":"2014-02-23T14:28:01","modified_gmt":"2014-02-23T14:28:01","slug":"spendenuebergabe-der-awo-penzberg-an-die-tafel-penzberg","status":"publish","type":"post","link":"http:\/\/www.awo-penzberg.de\/?p=358","title":{"rendered":"Spenden\u00fcbergabe der AWO Penzberg an die Tafel Penzberg"},"content":{"rendered":"<address><a href=\"http:\/\/awo-penzberg.de\/wp-content\/uploads\/2014\/02\/\u00dcbergabe_Tafel_AWO.jpg\"><img loading=\"lazy\" class=\"size-medium wp-image-355 alignnone\" alt=\"\u00dcbergabe_Tafel_AWO\" src=\"http:\/\/awo-penzberg.de\/wp-content\/uploads\/2014\/02\/\u00dcbergabe_Tafel_AWO-236x300.jpg\" width=\"236\" height=\"300\" srcset=\"http:\/\/www.awo-penzberg.de\/wp-content\/uploads\/2014\/02\/\u00dcbergabe_Tafel_AWO-236x300.jpg 236w, http:\/\/www.awo-penzberg.de\/wp-content\/uploads\/2014\/02\/\u00dcbergabe_Tafel_AWO.jpg 290w\" sizes=\"(max-width: 236px) 100vw, 236px\" \/><br \/>\n<\/a>Quelle: Das Gelbe Blatt, Penzberg<\/address>\n<p>Die AWO Penzberg konnte auch dieses Jahr wieder eine Spende \u00fcberreichen, diesmal war die Penzberger Tafel der Empf\u00e4nger. Die Spende kam zusammen aus dem Erl\u00f6s des Martinsumzuges auf der Berghalde vom November 2013.<\/p>\n","protected":false},"excerpt":{"rendered":"<p>Quelle: Das Gelbe Blatt, Penzberg Die AWO Penzberg konnte auch dieses Jahr wieder eine Spende \u00fcberreichen, diesmal war die Penzberger Tafel der Empf\u00e4nger. Die Spende kam zusammen aus dem Erl\u00f6s des Martinsumzuges auf der Berghalde vom November 2013.<\/p>\n","protected":false},"author":3,"featured_media":0,"comment_status":"closed","ping_status":"closed","sticky":false,"template":"","format":"standard","meta":[],"categories":[7],"tags":[],"_links":{"self":[{"href":"http:\/\/www.awo-penzberg.de\/index.php?rest_route=\/wp\/v2\/posts\/358"}],"collection":[{"href":"http:\/\/www.awo-penzberg.de\/index.php?rest_route=\/wp\/v2\/posts"}],"about":[{"href":"http:\/\/www.awo-penzberg.de\/index.php?rest_route=\/wp\/v2\/types\/post"}],"author":[{"embeddable":true,"href":"http:\/\/www.awo-penzberg.de\/index.php?rest_route=\/wp\/v2\/users\/3"}],"replies":[{"embeddable":true,"href":"http:\/\/www.awo-penzberg.de\/index.php?rest_route=%2Fwp%2Fv2%2Fcomments&post=358"}],"version-history":[{"count":7,"href":"http:\/\/www.awo-penzberg.de\/index.php?rest_route=\/wp\/v2\/posts\/358\/revisions"}],"predecessor-version":[{"id":368,"href":"http:\/\/www.awo-penzberg.de\/index.php?rest_route=\/wp\/v2\/posts\/358\/revisions\/368"}],"wp:attachment":[{"href":"http:\/\/www.awo-penzberg.de\/index.php?rest_route=%2Fwp%2Fv2%2Fmedia&parent=358"}],"wp:term":[{"taxonomy":"category","embeddable":true,"href":"http:\/\/www.awo-penzberg.de\/index.php?rest_route=%2Fwp%2Fv2%2Fcategories&post=358"},{"taxonomy":"post_tag","embeddable":true,"href":"http:\/\/www.awo-penzberg.de\/index.php?rest_route=%2Fwp%2Fv2%2Ftags&post=358"}],"curies":[{"name":"wp","href":"https:\/\/api.w.org\/{rel}","templated":true}]}}