{"id":380,"date":"2014-02-26T17:11:28","date_gmt":"2014-02-26T17:11:28","guid":{"rendered":"http:\/\/awo-penzberg.de\/?p=380"},"modified":"2014-12-01T07:38:16","modified_gmt":"2014-12-01T07:38:16","slug":"strick-und-haekel-treffen-fuer-alle-interessierten","status":"publish","type":"post","link":"http:\/\/www.awo-penzberg.de\/?p=380","title":{"rendered":"Strick und H\u00e4kel Treffen f\u00fcr alle Interessierten!"},"content":{"rendered":"<p><b>H\u00e4kelkreis findet wieder statt!<\/b><\/p>\n<p>Termin n\u00e4chster Strick- und H\u00e4kelkreis<\/p>\n<p><b>\u00a0<\/b>Das erste Treffen des Strick- und H\u00e4kelkreises wurde gut angenommen. Deshalb steht einer Wiederholung nichts im Wege. Der n\u00e4chste Termin findet am Dienstag, den 18. M\u00e4rz 2014, von 14 \u2013 16 Uhr im Josef-Boos-Heim, Josef-Boos-Platz 1, statt. Jeder, der gerne strickt oder h\u00e4kelt, schaut einfach vorbei, bringt seine Handarbeit mit und kann nat\u00fcrlich auch bei dem einen oder anderen Problem bez\u00fcglich seiner Handarbeit Unterst\u00fctzung bekommen. Wer nur mal so vorbeischauen will, um sich zu informieren, ist nat\u00fcrlich auch herzlich willkommen.<\/p>\n<p>N\u00e4here Informationen gibt es bei<br \/>\nUte Frohwein-Sendl, Tel. 08856 \/ 803907, oder<br \/>\nMargot Striethorst, T. 08856 \/ 5966.<\/p>\n<p>Unkosten entstehen keine!\u00a0Wir freuen uns auf Ihr Kommen!<\/p>\n","protected":false},"excerpt":{"rendered":"<p>H\u00e4kelkreis findet wieder statt! Termin n\u00e4chster Strick- und H\u00e4kelkreis \u00a0Das erste Treffen des Strick- und H\u00e4kelkreises wurde gut angenommen. Deshalb steht einer Wiederholung nichts im Wege. Der n\u00e4chste Termin findet am Dienstag, den 18. M\u00e4rz 2014, von 14 \u2013 16 Uhr im Josef-Boos-Heim, Josef-Boos-Platz 1, statt. Jeder, der gerne strickt oder h\u00e4kelt, schaut einfach vorbei, [&hellip;]<\/p>\n","protected":false},"author":3,"featured_media":0,"comment_status":"closed","ping_status":"closed","sticky":false,"template":"","format":"standard","meta":[],"categories":[2,1],"tags":[],"_links":{"self":[{"href":"http:\/\/www.awo-penzberg.de\/index.php?rest_route=\/wp\/v2\/posts\/380"}],"collection":[{"href":"http:\/\/www.awo-penzberg.de\/index.php?rest_route=\/wp\/v2\/posts"}],"about":[{"href":"http:\/\/www.awo-penzberg.de\/index.php?rest_route=\/wp\/v2\/types\/post"}],"author":[{"embeddable":true,"href":"http:\/\/www.awo-penzberg.de\/index.php?rest_route=\/wp\/v2\/users\/3"}],"replies":[{"embeddable":true,"href":"http:\/\/www.awo-penzberg.de\/index.php?rest_route=%2Fwp%2Fv2%2Fcomments&post=380"}],"version-history":[{"count":8,"href":"http:\/\/www.awo-penzberg.de\/index.php?rest_route=\/wp\/v2\/posts\/380\/revisions"}],"predecessor-version":[{"id":425,"href":"http:\/\/www.awo-penzberg.de\/index.php?rest_route=\/wp\/v2\/posts\/380\/revisions\/425"}],"wp:attachment":[{"href":"http:\/\/www.awo-penzberg.de\/index.php?rest_route=%2Fwp%2Fv2%2Fmedia&parent=380"}],"wp:term":[{"taxonomy":"category","embeddable":true,"href":"http:\/\/www.awo-penzberg.de\/index.php?rest_route=%2Fwp%2Fv2%2Fcategories&post=380"},{"taxonomy":"post_tag","embeddable":true,"href":"http:\/\/www.awo-penzberg.de\/index.php?rest_route=%2Fwp%2Fv2%2Ftags&post=380"}],"curies":[{"name":"wp","href":"https:\/\/api.w.org\/{rel}","templated":true}]}}