{"id":391,"date":"2011-07-20T18:06:23","date_gmt":"2011-07-20T18:06:23","guid":{"rendered":"http:\/\/awo-penzberg.de\/?p=391"},"modified":"2014-02-26T18:59:14","modified_gmt":"2014-02-26T18:59:14","slug":"awo-penzberg-beim-stadtfest-2012","status":"publish","type":"post","link":"http:\/\/www.awo-penzberg.de\/?p=391","title":{"rendered":"AWO Penzberg beim Stadtfest 2011"},"content":{"rendered":"<p>Die Arbeiterwohlfahrt Penzberg war mit ihren ehrenamtlichen und freiwilligen Helfern auch gerne auf dem Stadtfest Penzberg vertreten. Wir hatten einen Aktionsstand &#8222;Seifen kneten f\u00fcr Kinder&#8220;, wo die Kleinen und auch die gro\u00dfen Besucher sich Seifenkugeln kneten konnten.<br \/>\nDie Kinder hatten sichtlich Spa\u00df, genauso wie das AWO Team auch.<br \/>\nAm Abend des sch\u00f6nen Stadtfestes bot die Stadt Penzberg auf der offenen B\u00fchne die M\u00f6glichkeit, dass sich die Vereine der Stadt pr\u00e4sentieren konnten.<br \/>\nDas taten wir und stellten die Geschichte der AWO vor, in Gedenken an unsere\u00a0Gr\u00fcnderin Marie Juchacz, ohne die es die Arbeiterwohlfahrtbewegung und damit eine wichtige caritative und soziale Einrichtung nicht geben w\u00fcrde!<\/p>\n<p><a href=\"http:\/\/awo-penzberg.de\/wp-content\/uploads\/2014\/02\/Diverse-Fotos_August_2011_AWO-172.jpg\"><img loading=\"lazy\" class=\"alignnone size-medium wp-image-392\" alt=\"Diverse Fotos_August_2011_AWO 172\" src=\"http:\/\/awo-penzberg.de\/wp-content\/uploads\/2014\/02\/Diverse-Fotos_August_2011_AWO-172-300x225.jpg\" width=\"300\" height=\"225\" srcset=\"http:\/\/www.awo-penzberg.de\/wp-content\/uploads\/2014\/02\/Diverse-Fotos_August_2011_AWO-172-300x225.jpg 300w, http:\/\/www.awo-penzberg.de\/wp-content\/uploads\/2014\/02\/Diverse-Fotos_August_2011_AWO-172-1024x768.jpg 1024w, http:\/\/www.awo-penzberg.de\/wp-content\/uploads\/2014\/02\/Diverse-Fotos_August_2011_AWO-172-624x468.jpg 624w, http:\/\/www.awo-penzberg.de\/wp-content\/uploads\/2014\/02\/Diverse-Fotos_August_2011_AWO-172.jpg 1600w\" sizes=\"(max-width: 300px) 100vw, 300px\" \/><\/a> <a href=\"http:\/\/awo-penzberg.de\/wp-content\/uploads\/2014\/02\/Diverse-Fotos_August_2011_AWO-173.jpg\"><img loading=\"lazy\" class=\"alignnone size-medium wp-image-393\" alt=\"Diverse Fotos_August_2011_AWO 173\" src=\"http:\/\/awo-penzberg.de\/wp-content\/uploads\/2014\/02\/Diverse-Fotos_August_2011_AWO-173-300x225.jpg\" width=\"300\" height=\"225\" srcset=\"http:\/\/www.awo-penzberg.de\/wp-content\/uploads\/2014\/02\/Diverse-Fotos_August_2011_AWO-173-300x225.jpg 300w, http:\/\/www.awo-penzberg.de\/wp-content\/uploads\/2014\/02\/Diverse-Fotos_August_2011_AWO-173-1024x768.jpg 1024w, http:\/\/www.awo-penzberg.de\/wp-content\/uploads\/2014\/02\/Diverse-Fotos_August_2011_AWO-173-624x468.jpg 624w, http:\/\/www.awo-penzberg.de\/wp-content\/uploads\/2014\/02\/Diverse-Fotos_August_2011_AWO-173.jpg 1600w\" sizes=\"(max-width: 300px) 100vw, 300px\" \/><\/a> <a href=\"http:\/\/awo-penzberg.de\/wp-content\/uploads\/2014\/02\/Diverse-Fotos_August_2011_AWO-179.jpg\"><img loading=\"lazy\" class=\"alignnone size-medium wp-image-395\" alt=\"Diverse Fotos_August_2011_AWO 179\" src=\"http:\/\/awo-penzberg.de\/wp-content\/uploads\/2014\/02\/Diverse-Fotos_August_2011_AWO-179-225x300.jpg\" width=\"225\" height=\"300\" srcset=\"http:\/\/www.awo-penzberg.de\/wp-content\/uploads\/2014\/02\/Diverse-Fotos_August_2011_AWO-179-225x300.jpg 225w, http:\/\/www.awo-penzberg.de\/wp-content\/uploads\/2014\/02\/Diverse-Fotos_August_2011_AWO-179-768x1024.jpg 768w, http:\/\/www.awo-penzberg.de\/wp-content\/uploads\/2014\/02\/Diverse-Fotos_August_2011_AWO-179-624x832.jpg 624w, http:\/\/www.awo-penzberg.de\/wp-content\/uploads\/2014\/02\/Diverse-Fotos_August_2011_AWO-179.jpg 1200w\" sizes=\"(max-width: 225px) 100vw, 225px\" \/><\/a> <a href=\"http:\/\/awo-penzberg.de\/wp-content\/uploads\/2014\/02\/Diverse-Fotos_August_2011_AWO-187.jpg\"><img loading=\"lazy\" class=\"alignnone size-medium wp-image-396\" alt=\"Diverse Fotos_August_2011_AWO 187\" src=\"http:\/\/awo-penzberg.de\/wp-content\/uploads\/2014\/02\/Diverse-Fotos_August_2011_AWO-187-225x300.jpg\" width=\"225\" height=\"300\" srcset=\"http:\/\/www.awo-penzberg.de\/wp-content\/uploads\/2014\/02\/Diverse-Fotos_August_2011_AWO-187-225x300.jpg 225w, http:\/\/www.awo-penzberg.de\/wp-content\/uploads\/2014\/02\/Diverse-Fotos_August_2011_AWO-187-768x1024.jpg 768w, http:\/\/www.awo-penzberg.de\/wp-content\/uploads\/2014\/02\/Diverse-Fotos_August_2011_AWO-187-624x832.jpg 624w, http:\/\/www.awo-penzberg.de\/wp-content\/uploads\/2014\/02\/Diverse-Fotos_August_2011_AWO-187.jpg 1200w\" sizes=\"(max-width: 225px) 100vw, 225px\" \/><\/a><\/p>\n","protected":false},"excerpt":{"rendered":"<p>Die Arbeiterwohlfahrt Penzberg war mit ihren ehrenamtlichen und freiwilligen Helfern auch gerne auf dem Stadtfest Penzberg vertreten. Wir hatten einen Aktionsstand &#8222;Seifen kneten f\u00fcr Kinder&#8220;, wo die Kleinen und auch die gro\u00dfen Besucher sich Seifenkugeln kneten konnten. Die Kinder hatten sichtlich Spa\u00df, genauso wie das AWO Team auch. Am Abend des sch\u00f6nen Stadtfestes bot die [&hellip;]<\/p>\n","protected":false},"author":3,"featured_media":0,"comment_status":"closed","ping_status":"closed","sticky":false,"template":"","format":"standard","meta":[],"categories":[7],"tags":[],"_links":{"self":[{"href":"http:\/\/www.awo-penzberg.de\/index.php?rest_route=\/wp\/v2\/posts\/391"}],"collection":[{"href":"http:\/\/www.awo-penzberg.de\/index.php?rest_route=\/wp\/v2\/posts"}],"about":[{"href":"http:\/\/www.awo-penzberg.de\/index.php?rest_route=\/wp\/v2\/types\/post"}],"author":[{"embeddable":true,"href":"http:\/\/www.awo-penzberg.de\/index.php?rest_route=\/wp\/v2\/users\/3"}],"replies":[{"embeddable":true,"href":"http:\/\/www.awo-penzberg.de\/index.php?rest_route=%2Fwp%2Fv2%2Fcomments&post=391"}],"version-history":[{"count":2,"href":"http:\/\/www.awo-penzberg.de\/index.php?rest_route=\/wp\/v2\/posts\/391\/revisions"}],"predecessor-version":[{"id":398,"href":"http:\/\/www.awo-penzberg.de\/index.php?rest_route=\/wp\/v2\/posts\/391\/revisions\/398"}],"wp:attachment":[{"href":"http:\/\/www.awo-penzberg.de\/index.php?rest_route=%2Fwp%2Fv2%2Fmedia&parent=391"}],"wp:term":[{"taxonomy":"category","embeddable":true,"href":"http:\/\/www.awo-penzberg.de\/index.php?rest_route=%2Fwp%2Fv2%2Fcategories&post=391"},{"taxonomy":"post_tag","embeddable":true,"href":"http:\/\/www.awo-penzberg.de\/index.php?rest_route=%2Fwp%2Fv2%2Ftags&post=391"}],"curies":[{"name":"wp","href":"https:\/\/api.w.org\/{rel}","templated":true}]}}