{"id":510,"date":"2015-11-01T07:02:55","date_gmt":"2015-11-01T07:02:55","guid":{"rendered":"http:\/\/awo-penzberg.de\/?p=510"},"modified":"2019-04-07T13:43:31","modified_gmt":"2019-04-07T11:43:31","slug":"wir-gehen-gemeinsam-mittagessen-termine-fuer-september","status":"publish","type":"post","link":"http:\/\/www.awo-penzberg.de\/?p=510","title":{"rendered":"Wir gehen gemeinsam Mittagessen"},"content":{"rendered":"<p><strong><u>Wir gehen gemeinsam Mittagessen<\/u><\/strong><\/p>\n<p>Unsere beliebte Aktion \u201eWir gehen gemeinsam Mittagessen\u201c findet einmal im Monat statt und dies immer an einem Mittwoch. Man trifft sich in einer Gastst\u00e4tte, um gemeinsam mit Vereinsmitgliedern und Freunden einige sch\u00f6ne Stunden zu verbringen. Nat\u00fcrlich sind hierzu auch Nichtmitglieder eingeladen.<\/p>\n<p>&nbsp;<\/p>\n<p>Veranstaltung:\u00a0\u00a0\u00a0\u00a0\u00a0\u00a0\u00a0\u00a0\u00a0\u00a0\u00a0\u00a0\u00a0\u00a0\u00a0\u00a0\u00a0\u00a0\u00a0\u00a0 Wir gehen gemeinsam Mittagessen<\/p>\n<p>Datum:\u00a0\u00a0\u00a0\u00a0\u00a0\u00a0\u00a0\u00a0\u00a0\u00a0\u00a0\u00a0\u00a0\u00a0\u00a0\u00a0\u00a0\u00a0\u00a0\u00a0\u00a0\u00a0\u00a0\u00a0\u00a0\u00a0\u00a0\u00a0\u00a0\u00a0\u00a0\u00a0 <b><span style=\"color: #ff0000;font-family: Arial;font-size: medium\">die aktuellen Termine finden Sie ganz oben in der \u00dcbersicht<\/span><\/b><\/p>\n<p>Ort:\u00a0\u00a0\u00a0\u00a0\u00a0\u00a0\u00a0\u00a0\u00a0\u00a0\u00a0\u00a0\u00a0\u00a0\u00a0\u00a0\u00a0\u00a0\u00a0\u00a0\u00a0\u00a0\u00a0\u00a0\u00a0\u00a0\u00a0\u00a0\u00a0\u00a0\u00a0\u00a0\u00a0\u00a0\u00a0\u00a0 \u201e Aris Taverna\u201c, Bahnhofstr. 19<\/p>\n<p>Beginn:\u00a0\u00a0\u00a0\u00a0\u00a0\u00a0\u00a0\u00a0\u00a0\u00a0\u00a0\u00a0\u00a0\u00a0\u00a0\u00a0\u00a0\u00a0\u00a0\u00a0\u00a0\u00a0\u00a0\u00a0\u00a0\u00a0\u00a0\u00a0\u00a0\u00a0 12.00 Uhr<\/p>\n<p>Dauer:\u00a0\u00a0\u00a0\u00a0\u00a0\u00a0\u00a0\u00a0\u00a0\u00a0\u00a0\u00a0\u00a0\u00a0\u00a0\u00a0\u00a0\u00a0\u00a0\u00a0\u00a0\u00a0\u00a0\u00a0\u00a0\u00a0\u00a0\u00a0\u00a0\u00a0\u00a0\u00a0 ca. 2 Std.<\/p>\n<p>Kosten:\u00a0\u00a0\u00a0\u00a0\u00a0\u00a0\u00a0\u00a0\u00a0\u00a0 \u00a0\u00a0\u00a0\u00a0\u00a0\u00a0\u00a0\u00a0\u00a0\u00a0\u00a0\u00a0\u00a0\u00a0\u00a0\u00a0\u00a0\u00a0\u00a0\u00a0\u00a0Jeder Teilnehmer \u00fcbernimmt die Kosten f\u00fcr Essen und<\/p>\n<p>Getr\u00e4nke selbst. Es besteht nat\u00fcrlich keine Verpflichtung\u00a0 etwas zum Essen zu bestellen.<\/p>\n<p>Weitere Infos bei: Heidi Bl\u00f6\u00dfl \u2013 Tel. 08856\/908616<\/p>\n","protected":false},"excerpt":{"rendered":"<p>Wir gehen gemeinsam Mittagessen Unsere beliebte Aktion \u201eWir gehen gemeinsam Mittagessen\u201c findet einmal im Monat statt und dies immer an einem Mittwoch. Man trifft sich in einer Gastst\u00e4tte, um gemeinsam mit Vereinsmitgliedern und Freunden einige sch\u00f6ne Stunden zu verbringen. Nat\u00fcrlich sind hierzu auch Nichtmitglieder eingeladen. &nbsp; Veranstaltung:\u00a0\u00a0\u00a0\u00a0\u00a0\u00a0\u00a0\u00a0\u00a0\u00a0\u00a0\u00a0\u00a0\u00a0\u00a0\u00a0\u00a0\u00a0\u00a0\u00a0 Wir gehen gemeinsam Mittagessen Datum:\u00a0\u00a0\u00a0\u00a0\u00a0\u00a0\u00a0\u00a0\u00a0\u00a0\u00a0\u00a0\u00a0\u00a0\u00a0\u00a0\u00a0\u00a0\u00a0\u00a0\u00a0\u00a0\u00a0\u00a0\u00a0\u00a0\u00a0\u00a0\u00a0\u00a0\u00a0\u00a0 die aktuellen Termine [&hellip;]<\/p>\n","protected":false},"author":3,"featured_media":0,"comment_status":"closed","ping_status":"closed","sticky":false,"template":"","format":"standard","meta":[],"categories":[1],"tags":[],"_links":{"self":[{"href":"http:\/\/www.awo-penzberg.de\/index.php?rest_route=\/wp\/v2\/posts\/510"}],"collection":[{"href":"http:\/\/www.awo-penzberg.de\/index.php?rest_route=\/wp\/v2\/posts"}],"about":[{"href":"http:\/\/www.awo-penzberg.de\/index.php?rest_route=\/wp\/v2\/types\/post"}],"author":[{"embeddable":true,"href":"http:\/\/www.awo-penzberg.de\/index.php?rest_route=\/wp\/v2\/users\/3"}],"replies":[{"embeddable":true,"href":"http:\/\/www.awo-penzberg.de\/index.php?rest_route=%2Fwp%2Fv2%2Fcomments&post=510"}],"version-history":[{"count":34,"href":"http:\/\/www.awo-penzberg.de\/index.php?rest_route=\/wp\/v2\/posts\/510\/revisions"}],"predecessor-version":[{"id":1289,"href":"http:\/\/www.awo-penzberg.de\/index.php?rest_route=\/wp\/v2\/posts\/510\/revisions\/1289"}],"wp:attachment":[{"href":"http:\/\/www.awo-penzberg.de\/index.php?rest_route=%2Fwp%2Fv2%2Fmedia&parent=510"}],"wp:term":[{"taxonomy":"category","embeddable":true,"href":"http:\/\/www.awo-penzberg.de\/index.php?rest_route=%2Fwp%2Fv2%2Fcategories&post=510"},{"taxonomy":"post_tag","embeddable":true,"href":"http:\/\/www.awo-penzberg.de\/index.php?rest_route=%2Fwp%2Fv2%2Ftags&post=510"}],"curies":[{"name":"wp","href":"https:\/\/api.w.org\/{rel}","templated":true}]}}