{"id":516,"date":"2015-04-01T07:06:18","date_gmt":"2015-04-01T07:06:18","guid":{"rendered":"http:\/\/awo-penzberg.de\/?p=516"},"modified":"2023-02-22T10:35:50","modified_gmt":"2023-02-22T08:35:50","slug":"awo-kinder-kleider-zentrale-termine-fuer-september","status":"publish","type":"post","link":"http:\/\/www.awo-penzberg.de\/?p=516","title":{"rendered":"AWO Kleider Zentrale f\u00fcr Jung und Alt &#8211; Termine ganzj\u00e4hrig"},"content":{"rendered":"<p><strong>AWO\u00a0 &#8211; Kleider \u2013 Zentrale<\/strong><\/p>\n<p><span style=\"margin: 0px;color: red;font-family: 'Arial',sans-serif;font-size: 12pt\"><b>Jeden Donnerstag au\u00dfer in den Schulferien<\/b><\/span><\/p>\n<p>Die Kleider-Zentrale der AWO (Josef-Boos-Platz 1, Untergescho\u00df) ist auch wieder donnerstags von 14 bis 17 Uhr ge\u00f6ffnet (au\u00dfer in den Schulferien).<\/p>\n<p>Auf die Besucher wartet ein vielf\u00e4ltiges Angebot an Kinderkleidung. In der Fundgrube der AWO befindet sich auch gut erhaltene Kleidung f\u00fcr Erwachsene. Au\u00dferdem gibt es Kinderb\u00fccher und Spielsachen.<\/p>\n","protected":false},"excerpt":{"rendered":"<p>AWO\u00a0 &#8211; Kleider \u2013 Zentrale Jeden Donnerstag au\u00dfer in den Schulferien Die Kleider-Zentrale der AWO (Josef-Boos-Platz 1, Untergescho\u00df) ist auch wieder donnerstags von 14 bis 17 Uhr ge\u00f6ffnet (au\u00dfer in den Schulferien). Auf die Besucher wartet ein vielf\u00e4ltiges Angebot an Kinderkleidung. In der Fundgrube der AWO befindet sich auch gut erhaltene Kleidung f\u00fcr Erwachsene. Au\u00dferdem [&hellip;]<\/p>\n","protected":false},"author":3,"featured_media":0,"comment_status":"closed","ping_status":"closed","sticky":false,"template":"","format":"standard","meta":[],"categories":[6],"tags":[],"_links":{"self":[{"href":"http:\/\/www.awo-penzberg.de\/index.php?rest_route=\/wp\/v2\/posts\/516"}],"collection":[{"href":"http:\/\/www.awo-penzberg.de\/index.php?rest_route=\/wp\/v2\/posts"}],"about":[{"href":"http:\/\/www.awo-penzberg.de\/index.php?rest_route=\/wp\/v2\/types\/post"}],"author":[{"embeddable":true,"href":"http:\/\/www.awo-penzberg.de\/index.php?rest_route=\/wp\/v2\/users\/3"}],"replies":[{"embeddable":true,"href":"http:\/\/www.awo-penzberg.de\/index.php?rest_route=%2Fwp%2Fv2%2Fcomments&post=516"}],"version-history":[{"count":16,"href":"http:\/\/www.awo-penzberg.de\/index.php?rest_route=\/wp\/v2\/posts\/516\/revisions"}],"predecessor-version":[{"id":1796,"href":"http:\/\/www.awo-penzberg.de\/index.php?rest_route=\/wp\/v2\/posts\/516\/revisions\/1796"}],"wp:attachment":[{"href":"http:\/\/www.awo-penzberg.de\/index.php?rest_route=%2Fwp%2Fv2%2Fmedia&parent=516"}],"wp:term":[{"taxonomy":"category","embeddable":true,"href":"http:\/\/www.awo-penzberg.de\/index.php?rest_route=%2Fwp%2Fv2%2Fcategories&post=516"},{"taxonomy":"post_tag","embeddable":true,"href":"http:\/\/www.awo-penzberg.de\/index.php?rest_route=%2Fwp%2Fv2%2Ftags&post=516"}],"curies":[{"name":"wp","href":"https:\/\/api.w.org\/{rel}","templated":true}]}}