{"id":904,"date":"2015-11-03T11:36:41","date_gmt":"2015-11-03T11:36:41","guid":{"rendered":"http:\/\/www.awo-penzberg.de\/?p=904"},"modified":"2015-11-03T11:36:56","modified_gmt":"2015-11-03T11:36:56","slug":"herbstsammlung-2015-der-awo-war-erfolgreich","status":"publish","type":"post","link":"http:\/\/www.awo-penzberg.de\/?p=904","title":{"rendered":"Herbstsammlung 2015 der AWO war erfolgreich!"},"content":{"rendered":"<p><strong>Sammlung brachte \u00fcber 3.000 \u20ac<\/strong><\/p>\n<p>Die diesj\u00e4hrige Herbst \u2013 Landessammlung der Arbeiterwohlfahrt unter dem Motto<br \/>\n<strong>\u201eICH BIN MENSCH. Die AWO: Engagiert f\u00fcr eine inklusive Gesellschaft!\u201c<\/strong><br \/>\nwar in Penzberg ein Erfolg. Freiwillige Helferinnen und Helfer des Ortsverbandes hatten Spendenbriefe an alle Haushalte verteilt. Jetzt liegt das Ergebnis vor: \u00dcber 3.000 \u20ac sind in den vergangenen Wochen auf dem Konto der AWO eingegangen.<\/p>\n<p>Einen beachtlichen Teil der Gelder kann die Penzberger AWO f\u00fcr ihre Arbeit vor Ort einsetzen. \u201eUnd dies werden wir auch ganz gezielt tun\u201c, wie Ute Frohwein-Sendl, Vorsitzende des Ortsverbandes, betont.<\/p>\n<p>Im Penzberger Ortsverein der AWO engagieren sich \u00fcber 80 ehrenamtliche Helfer-innen und Helfer: im Senioren- oder Freizeitclub, beim Krankenhausbesuchsdienst, in der Kinderkleiderzentrale, beim Strickkurs, beim Lernpatenprojekt, bei Veranstaltungen oder auch beim generationen\u00fcbergreifenden Projekt \u201eSch\u00fcler gestalten Freizeit gemeinsam mit Senioren\u201c. \u201eZusammen schaffen wir Mitmenschlichkeit. F\u00fcr Kinder. F\u00fcr Familien. F\u00fcr Senioren. F\u00fcr Migranten. F\u00fcr Menschen mit Behinderung. Solidarit\u00e4t ist unser Leitgedanke\u201c betont Ute Frohwein-Sendl.<\/p>\n<p>Bei dieser umfangreichen Arbeit ist die AWO auf finanzielle Unterst\u00fctzung angewiesen. Ein kleiner Betrag z\u00e4hlt dabei genau so viel wie eine gro\u00dfe Spende, denn jeder Cent ist wichtig f\u00fcr unsere Arbeit\u201c so die Vorsitzende.<\/p>\n<p>Der Ortsverband der AWO bedankt sich nochmals bei allen Spendern ganz herzlich f\u00fcr die Unterst\u00fctzung der Arbeit der Arbeiterwohlfahrt.<\/p>\n<p><strong>Arbeiterwohlfahrt<br \/>\n<\/strong><strong>Ortsverein Penzberg e.V.<br \/>\n<\/strong>Ute Frohwein-Sendl, 1. Vorsitzende<br \/>\nFriedrich-Ebert-Str. 9, 82377 Penzberg<br \/>\nTel.: 08856-803907<br \/>\ne-mail: ute.frohwein-sendl@awo-penzberg.de<\/p>\n","protected":false},"excerpt":{"rendered":"<p>Sammlung brachte \u00fcber 3.000 \u20ac Die diesj\u00e4hrige Herbst \u2013 Landessammlung der Arbeiterwohlfahrt unter dem Motto \u201eICH BIN MENSCH. Die AWO: Engagiert f\u00fcr eine inklusive Gesellschaft!\u201c war in Penzberg ein Erfolg. Freiwillige Helferinnen und Helfer des Ortsverbandes hatten Spendenbriefe an alle Haushalte verteilt. Jetzt liegt das Ergebnis vor: \u00dcber 3.000 \u20ac sind in den vergangenen Wochen [&hellip;]<\/p>\n","protected":false},"author":3,"featured_media":0,"comment_status":"closed","ping_status":"closed","sticky":false,"template":"","format":"standard","meta":[],"categories":[2],"tags":[],"_links":{"self":[{"href":"http:\/\/www.awo-penzberg.de\/index.php?rest_route=\/wp\/v2\/posts\/904"}],"collection":[{"href":"http:\/\/www.awo-penzberg.de\/index.php?rest_route=\/wp\/v2\/posts"}],"about":[{"href":"http:\/\/www.awo-penzberg.de\/index.php?rest_route=\/wp\/v2\/types\/post"}],"author":[{"embeddable":true,"href":"http:\/\/www.awo-penzberg.de\/index.php?rest_route=\/wp\/v2\/users\/3"}],"replies":[{"embeddable":true,"href":"http:\/\/www.awo-penzberg.de\/index.php?rest_route=%2Fwp%2Fv2%2Fcomments&post=904"}],"version-history":[{"count":2,"href":"http:\/\/www.awo-penzberg.de\/index.php?rest_route=\/wp\/v2\/posts\/904\/revisions"}],"predecessor-version":[{"id":906,"href":"http:\/\/www.awo-penzberg.de\/index.php?rest_route=\/wp\/v2\/posts\/904\/revisions\/906"}],"wp:attachment":[{"href":"http:\/\/www.awo-penzberg.de\/index.php?rest_route=%2Fwp%2Fv2%2Fmedia&parent=904"}],"wp:term":[{"taxonomy":"category","embeddable":true,"href":"http:\/\/www.awo-penzberg.de\/index.php?rest_route=%2Fwp%2Fv2%2Fcategories&post=904"},{"taxonomy":"post_tag","embeddable":true,"href":"http:\/\/www.awo-penzberg.de\/index.php?rest_route=%2Fwp%2Fv2%2Ftags&post=904"}],"curies":[{"name":"wp","href":"https:\/\/api.w.org\/{rel}","templated":true}]}}