{"id":932,"date":"2015-11-28T12:51:04","date_gmt":"2015-11-28T12:51:04","guid":{"rendered":"http:\/\/www.awo-penzberg.de\/?p=932"},"modified":"2015-12-31T09:40:13","modified_gmt":"2015-12-31T09:40:13","slug":"adventfeier-mit-jubilarehrung","status":"publish","type":"post","link":"http:\/\/www.awo-penzberg.de\/?p=932","title":{"rendered":"Adventfeier mit Jubilarehrung"},"content":{"rendered":"<h4>Die diesj\u00e4hrige Adventfeier mit Jubilarehrung findet in diesem Jahr am<\/h4>\n<p><strong>Samstag, den 12. Dezember,<\/strong><br \/>\n<strong> in der AULA DER B\u00dcRGERMEISTER-PRANDL-SCHULE, in der S\u00fcdstra\u00dfe 1<\/strong><br \/>\n<strong> statt.<\/strong><br \/>\n<strong> Beginn ist um 14 Uhr.<\/strong><\/p>\n<p>F\u00fcr die musikalische Unterhaltung werden wie in den vergangen Jahren wieder die Geschwister Merk aus Gai\u00dfach sorgen.<\/p>\n<h4>Eingeladen sind zu dieser Veranstaltung alle Mitglieder des Ortsvereins, die Jubilare mit ihren Angeh\u00f6rigen sowie die Freunde der AWO in Penzberg.<\/h4>\n<p>Wer einen Fahrdienst ben\u00f6tigt, soll sich bitte bis zum 10. Dezember 2015 bei Ute Frohwein-Sendl unter der Tel.Nr. 0 88 56 \u2013 80 39 07 melden.<\/p>\n","protected":false},"excerpt":{"rendered":"<p>Die diesj\u00e4hrige Adventfeier mit Jubilarehrung findet in diesem Jahr am Samstag, den 12. Dezember, in der AULA DER B\u00dcRGERMEISTER-PRANDL-SCHULE, in der S\u00fcdstra\u00dfe 1 statt. Beginn ist um 14 Uhr. F\u00fcr die musikalische Unterhaltung werden wie in den vergangen Jahren wieder die Geschwister Merk aus Gai\u00dfach sorgen. Eingeladen sind zu dieser Veranstaltung alle Mitglieder des Ortsvereins, [&hellip;]<\/p>\n","protected":false},"author":3,"featured_media":0,"comment_status":"closed","ping_status":"closed","sticky":false,"template":"","format":"standard","meta":[],"categories":[2],"tags":[],"_links":{"self":[{"href":"http:\/\/www.awo-penzberg.de\/index.php?rest_route=\/wp\/v2\/posts\/932"}],"collection":[{"href":"http:\/\/www.awo-penzberg.de\/index.php?rest_route=\/wp\/v2\/posts"}],"about":[{"href":"http:\/\/www.awo-penzberg.de\/index.php?rest_route=\/wp\/v2\/types\/post"}],"author":[{"embeddable":true,"href":"http:\/\/www.awo-penzberg.de\/index.php?rest_route=\/wp\/v2\/users\/3"}],"replies":[{"embeddable":true,"href":"http:\/\/www.awo-penzberg.de\/index.php?rest_route=%2Fwp%2Fv2%2Fcomments&post=932"}],"version-history":[{"count":2,"href":"http:\/\/www.awo-penzberg.de\/index.php?rest_route=\/wp\/v2\/posts\/932\/revisions"}],"predecessor-version":[{"id":934,"href":"http:\/\/www.awo-penzberg.de\/index.php?rest_route=\/wp\/v2\/posts\/932\/revisions\/934"}],"wp:attachment":[{"href":"http:\/\/www.awo-penzberg.de\/index.php?rest_route=%2Fwp%2Fv2%2Fmedia&parent=932"}],"wp:term":[{"taxonomy":"category","embeddable":true,"href":"http:\/\/www.awo-penzberg.de\/index.php?rest_route=%2Fwp%2Fv2%2Fcategories&post=932"},{"taxonomy":"post_tag","embeddable":true,"href":"http:\/\/www.awo-penzberg.de\/index.php?rest_route=%2Fwp%2Fv2%2Ftags&post=932"}],"curies":[{"name":"wp","href":"https:\/\/api.w.org\/{rel}","templated":true}]}}