{"id":938,"date":"2015-12-12T17:22:53","date_gmt":"2015-12-12T17:22:53","guid":{"rendered":"http:\/\/www.awo-penzberg.de\/?p=938"},"modified":"2015-12-13T12:14:25","modified_gmt":"2015-12-13T12:14:25","slug":"weihnachtsfeier-der-awo-am-12-dezember","status":"publish","type":"post","link":"http:\/\/www.awo-penzberg.de\/?p=938","title":{"rendered":"Weihnachtsfeier der AWO am 12. Dezember"},"content":{"rendered":"<p>Am Samstag, dem 12. Dezember 2015, fand unsere diesj\u00e4hrige Weihnachtsfeier der AWO Ortsgruppe Penzberg statt.\u00a0 Wir haben uns sehr gefreut, dass diesmal wieder so zahlreich Mitglieder, Freunde und alle Interessierten der AWO erschienen sind. Wir waren ca. 100 Personen, die zusammen diesen besinnlichen Nachmittag verbracht hatten.<\/p>\n<p>Seit dem letzten Jahr feiern wir in der Aula der Grundschule Penzberg, da unsere sonstige \u00d6rtlichkeit, die Stadthalle Penzberg, wegen Bauma\u00dfnahmen saniert wird und noch nicht fertig ist. Zahlreiche ehrenamtlichen Helfer und Helferinnen der AWO stellten St\u00fchle und B\u00e4nke f\u00fcr unsere G\u00e4ste auf, teilten Kaffee und Kuchen aus und sorgten f\u00fcr weitere Getr\u00e4nke.<\/p>\n<p>Besonders freut es uns auch, dass wir wieder zahlreiche Jubilare f\u00fcr ihre langj\u00e4hrigen Mitgliedschaften bei der AWO Penzberg ehren konnten. Angefangen beim 10-j\u00e4hrigem Jubil\u00e4um bis hin zu 65 Jahren Mitgliedschaft. Erste B\u00fcrgermeisterin, Frau Elke Zehetner, verlieh zusammen mit der Ortsvorsitzenden Ute Frohwein-Sendl und Regina Bartusch die Ehrungen.<\/p>\n<p>Die Geschwister Merk aus Lenggries haben uns wieder, wie seit vielen Jahren schon, musikalisch begleitet und f\u00fcr einen stimmungsvollen Adventsnachmittag gesorgt.<\/p>\n<p>Wir freuen uns, dass wir mit Ihnen zusammen unsere Adventsfeier feiern durften! Wir w\u00fcnschen Ihnen allen mit Ihren Familien an dieser Stelle nochmals eine frohe und gesegnete Adventszeit und frohe Weihnachten.<\/p>\n<p>Ein gro\u00dfer Dank geht an alle Verantwortlichen des AWO Helferteams, denn ohne ihre zahlreiche Mithilfe w\u00e4re dies alles nicht m\u00f6glich gewesen.<\/p>\n<p>Ihr AWO Ortsvereins Team Penzberg<\/p>\n\n\t\t<style type=\"text\/css\">\n\t\t\t#gallery-1 {\n\t\t\t\tmargin: auto;\n\t\t\t}\n\t\t\t#gallery-1 .gallery-item {\n\t\t\t\tfloat: left;\n\t\t\t\tmargin-top: 10px;\n\t\t\t\ttext-align: center;\n\t\t\t\twidth: 33%;\n\t\t\t}\n\t\t\t#gallery-1 img {\n\t\t\t\tborder: 2px solid #cfcfcf;\n\t\t\t}\n\t\t\t#gallery-1 .gallery-caption {\n\t\t\t\tmargin-left: 0;\n\t\t\t}\n\t\t\t\/* see gallery_shortcode() in wp-includes\/media.php *\/\n\t\t<\/style>\n\t\t<div id='gallery-1' class='gallery galleryid-938 gallery-columns-3 gallery-size-thumbnail'><dl class='gallery-item'>\n\t\t\t<dt class='gallery-icon portrait'>\n\t\t\t\t<a href='http:\/\/www.awo-penzberg.de\/wp-content\/uploads\/2015\/12\/image-e1449941907135.jpeg'><img width=\"150\" height=\"150\" src=\"http:\/\/www.awo-penzberg.de\/wp-content\/uploads\/2015\/12\/image-e1449941907135-150x150.jpeg\" class=\"attachment-thumbnail size-thumbnail\" alt=\"\" loading=\"lazy\" \/><\/a>\n\t\t\t<\/dt><\/dl><dl class='gallery-item'>\n\t\t\t<dt class='gallery-icon landscape'>\n\t\t\t\t<a href='http:\/\/www.awo-penzberg.de\/wp-content\/uploads\/2015\/12\/image1-e1449941853311.jpeg'><img width=\"150\" height=\"150\" src=\"http:\/\/www.awo-penzberg.de\/wp-content\/uploads\/2015\/12\/image1-150x150.jpeg\" class=\"attachment-thumbnail size-thumbnail\" alt=\"\" loading=\"lazy\" \/><\/a>\n\t\t\t<\/dt><\/dl><dl class='gallery-item'>\n\t\t\t<dt class='gallery-icon portrait'>\n\t\t\t\t<a href='http:\/\/www.awo-penzberg.de\/wp-content\/uploads\/2015\/12\/image2-e1449941827838.jpeg'><img width=\"150\" height=\"150\" src=\"http:\/\/www.awo-penzberg.de\/wp-content\/uploads\/2015\/12\/image2-e1449941827838-150x150.jpeg\" class=\"attachment-thumbnail size-thumbnail\" alt=\"\" loading=\"lazy\" \/><\/a>\n\t\t\t<\/dt><\/dl><br style=\"clear: both\" \/><dl class='gallery-item'>\n\t\t\t<dt class='gallery-icon landscape'>\n\t\t\t\t<a href='http:\/\/www.awo-penzberg.de\/wp-content\/uploads\/2015\/12\/image3-e1449941762463.jpeg'><img width=\"150\" height=\"150\" src=\"http:\/\/www.awo-penzberg.de\/wp-content\/uploads\/2015\/12\/image3-150x150.jpeg\" class=\"attachment-thumbnail size-thumbnail\" alt=\"\" loading=\"lazy\" \/><\/a>\n\t\t\t<\/dt><\/dl><dl class='gallery-item'>\n\t\t\t<dt class='gallery-icon portrait'>\n\t\t\t\t<a href='http:\/\/www.awo-penzberg.de\/wp-content\/uploads\/2015\/12\/image4-e1449941735901.jpeg'><img width=\"150\" height=\"150\" src=\"http:\/\/www.awo-penzberg.de\/wp-content\/uploads\/2015\/12\/image4-e1449941735901-150x150.jpeg\" class=\"attachment-thumbnail size-thumbnail\" alt=\"\" loading=\"lazy\" \/><\/a>\n\t\t\t<\/dt><\/dl><dl class='gallery-item'>\n\t\t\t<dt class='gallery-icon portrait'>\n\t\t\t\t<a href='http:\/\/www.awo-penzberg.de\/wp-content\/uploads\/2015\/12\/image5-e1449941700513.jpeg'><img width=\"150\" height=\"150\" src=\"http:\/\/www.awo-penzberg.de\/wp-content\/uploads\/2015\/12\/image5-e1449941700513-150x150.jpeg\" class=\"attachment-thumbnail size-thumbnail\" alt=\"\" loading=\"lazy\" \/><\/a>\n\t\t\t<\/dt><\/dl><br style=\"clear: both\" \/><dl class='gallery-item'>\n\t\t\t<dt class='gallery-icon landscape'>\n\t\t\t\t<a href='http:\/\/www.awo-penzberg.de\/wp-content\/uploads\/2015\/12\/image6-e1449941660400.jpeg'><img width=\"150\" height=\"150\" src=\"http:\/\/www.awo-penzberg.de\/wp-content\/uploads\/2015\/12\/image6-150x150.jpeg\" class=\"attachment-thumbnail size-thumbnail\" alt=\"\" loading=\"lazy\" \/><\/a>\n\t\t\t<\/dt><\/dl><dl class='gallery-item'>\n\t\t\t<dt class='gallery-icon landscape'>\n\t\t\t\t<a href='http:\/\/www.awo-penzberg.de\/wp-content\/uploads\/2015\/12\/image7-e1449941625990.jpeg'><img width=\"150\" height=\"150\" src=\"http:\/\/www.awo-penzberg.de\/wp-content\/uploads\/2015\/12\/image7-150x150.jpeg\" class=\"attachment-thumbnail size-thumbnail\" alt=\"\" loading=\"lazy\" \/><\/a>\n\t\t\t<\/dt><\/dl><dl class='gallery-item'>\n\t\t\t<dt class='gallery-icon landscape'>\n\t\t\t\t<a href='http:\/\/www.awo-penzberg.de\/wp-content\/uploads\/2015\/12\/image8-e1450008783607.jpeg'><img width=\"150\" height=\"150\" src=\"http:\/\/www.awo-penzberg.de\/wp-content\/uploads\/2015\/12\/image8-150x150.jpeg\" class=\"attachment-thumbnail size-thumbnail\" alt=\"\" loading=\"lazy\" \/><\/a>\n\t\t\t<\/dt><\/dl><br style=\"clear: both\" \/>\n\t\t<\/div>\n\n","protected":false},"excerpt":{"rendered":"<p>Am Samstag, dem 12. Dezember 2015, fand unsere diesj\u00e4hrige Weihnachtsfeier der AWO Ortsgruppe Penzberg statt.\u00a0 Wir haben uns sehr gefreut, dass diesmal wieder so zahlreich Mitglieder, Freunde und alle Interessierten der AWO erschienen sind. Wir waren ca. 100 Personen, die zusammen diesen besinnlichen Nachmittag verbracht hatten. Seit dem letzten Jahr feiern wir in der Aula [&hellip;]<\/p>\n","protected":false},"author":3,"featured_media":0,"comment_status":"closed","ping_status":"closed","sticky":false,"template":"","format":"standard","meta":[],"categories":[7,2],"tags":[],"_links":{"self":[{"href":"http:\/\/www.awo-penzberg.de\/index.php?rest_route=\/wp\/v2\/posts\/938"}],"collection":[{"href":"http:\/\/www.awo-penzberg.de\/index.php?rest_route=\/wp\/v2\/posts"}],"about":[{"href":"http:\/\/www.awo-penzberg.de\/index.php?rest_route=\/wp\/v2\/types\/post"}],"author":[{"embeddable":true,"href":"http:\/\/www.awo-penzberg.de\/index.php?rest_route=\/wp\/v2\/users\/3"}],"replies":[{"embeddable":true,"href":"http:\/\/www.awo-penzberg.de\/index.php?rest_route=%2Fwp%2Fv2%2Fcomments&post=938"}],"version-history":[{"count":6,"href":"http:\/\/www.awo-penzberg.de\/index.php?rest_route=\/wp\/v2\/posts\/938\/revisions"}],"predecessor-version":[{"id":954,"href":"http:\/\/www.awo-penzberg.de\/index.php?rest_route=\/wp\/v2\/posts\/938\/revisions\/954"}],"wp:attachment":[{"href":"http:\/\/www.awo-penzberg.de\/index.php?rest_route=%2Fwp%2Fv2%2Fmedia&parent=938"}],"wp:term":[{"taxonomy":"category","embeddable":true,"href":"http:\/\/www.awo-penzberg.de\/index.php?rest_route=%2Fwp%2Fv2%2Fcategories&post=938"},{"taxonomy":"post_tag","embeddable":true,"href":"http:\/\/www.awo-penzberg.de\/index.php?rest_route=%2Fwp%2Fv2%2Ftags&post=938"}],"curies":[{"name":"wp","href":"https:\/\/api.w.org\/{rel}","templated":true}]}}