{"id":973,"date":"2016-02-20T12:58:52","date_gmt":"2016-02-20T12:58:52","guid":{"rendered":"http:\/\/www.awo-penzberg.de\/?p=973"},"modified":"2016-02-28T11:06:39","modified_gmt":"2016-02-28T11:06:39","slug":"tagesordnung-zur-jahreshauptversammlung-am-27-02-16","status":"publish","type":"post","link":"http:\/\/www.awo-penzberg.de\/?p=973","title":{"rendered":"Tagesordnung zur Jahreshauptversammlung am 27.02.16"},"content":{"rendered":"<p>An alle Mitglieder des AWO- Ortsvereins 07. Februar 2016<\/p>\n<p>E i n l a d u n g<\/p>\n<p>Liebes AWO &#8211; Mitglied,<\/p>\n<p>der Ortsverein der Arbeiterwohlfahrt Penzberg e.V. l\u00e4dt Sie ein zur<\/p>\n<p>J a h r e s h a u p t v e r s a m m l u n g<br \/>\nam Samstag, den 27. Februar 2016, um 14 Uhr<br \/>\nim Aufenthaltsgeb\u00e4ude des Sportstadions<br \/>\nKarl-Wald-Stra\u00dfe, 82377 Penzberg<\/p>\n<p>Tagesordnung:<\/p>\n<p>1. Er\u00f6ffnung und Begr\u00fc\u00dfung durch die Vorsitzende Ute Frohwein-Sendl<br \/>\n2. Gru\u00dfworte der Ersten B\u00fcrgermeisterin Elke Zehetner<br \/>\n3. Berichte der Vorstandschaft:<br \/>\n\u200ba) der Vorsitzenden<br \/>\n\u200bb) der Kassiererin<br \/>\n\u200bc) der Revisoren<br \/>\n4. Aussprache zu den Berichten<br \/>\n6. Verabschiedung ausscheidender Vorstandsmitglieder<br \/>\n7. Neuwahlen:<br \/>\n\u200ba) Bildung des Wahlausschusses, Entlastung der Vorstandschaft<br \/>\n\u200bb) Wahl der\/des 1. Vorsitzenden<br \/>\n\u200bc) Wahl der zwei Stellvertreter\/-innen<br \/>\n\u200bd) Wahl der\/des Kassiers<br \/>\n\u200be) Wahl der\/des Schriftf\u00fchrers<br \/>\n\u200bf) Wahl der sieben Beisitzerinnen<br \/>\n\u200bg) Wahl der Kreisdelegierten und Ersatzdelegierten<br \/>\n8. W\u00fcnsche und Antr\u00e4ge<br \/>\n9. Schlusswort der\/ des neu gew\u00e4hlten Vorsitzenden<\/p>\n<p>Wir bitten um rege Teilnahme. Die Vorstandschaft freut sich auf Ihr Kommen.<br \/>\nWie immer bieten wir einen Fahrdienst an. Bitte bis sp\u00e4testens Samstag,<br \/>\nden 24. Februar 2016, unter Telefon 803907 anmelden.<\/p>\n<p>Mit freundlichen Gr\u00fc\u00dfen<\/p>\n<p>Ute Frohwein-Sendl<br \/>\n1.Vorsitzende<\/p>\n","protected":false},"excerpt":{"rendered":"<p>An alle Mitglieder des AWO- Ortsvereins 07. Februar 2016 E i n l a d u n g Liebes AWO &#8211; Mitglied, der Ortsverein der Arbeiterwohlfahrt Penzberg e.V. l\u00e4dt Sie ein zur J a h r e s h a u p t v e r s a m m l u n g am [&hellip;]<\/p>\n","protected":false},"author":3,"featured_media":0,"comment_status":"closed","ping_status":"closed","sticky":false,"template":"","format":"standard","meta":[],"categories":[2],"tags":[],"_links":{"self":[{"href":"http:\/\/www.awo-penzberg.de\/index.php?rest_route=\/wp\/v2\/posts\/973"}],"collection":[{"href":"http:\/\/www.awo-penzberg.de\/index.php?rest_route=\/wp\/v2\/posts"}],"about":[{"href":"http:\/\/www.awo-penzberg.de\/index.php?rest_route=\/wp\/v2\/types\/post"}],"author":[{"embeddable":true,"href":"http:\/\/www.awo-penzberg.de\/index.php?rest_route=\/wp\/v2\/users\/3"}],"replies":[{"embeddable":true,"href":"http:\/\/www.awo-penzberg.de\/index.php?rest_route=%2Fwp%2Fv2%2Fcomments&post=973"}],"version-history":[{"count":1,"href":"http:\/\/www.awo-penzberg.de\/index.php?rest_route=\/wp\/v2\/posts\/973\/revisions"}],"predecessor-version":[{"id":974,"href":"http:\/\/www.awo-penzberg.de\/index.php?rest_route=\/wp\/v2\/posts\/973\/revisions\/974"}],"wp:attachment":[{"href":"http:\/\/www.awo-penzberg.de\/index.php?rest_route=%2Fwp%2Fv2%2Fmedia&parent=973"}],"wp:term":[{"taxonomy":"category","embeddable":true,"href":"http:\/\/www.awo-penzberg.de\/index.php?rest_route=%2Fwp%2Fv2%2Fcategories&post=973"},{"taxonomy":"post_tag","embeddable":true,"href":"http:\/\/www.awo-penzberg.de\/index.php?rest_route=%2Fwp%2Fv2%2Ftags&post=973"}],"curies":[{"name":"wp","href":"https:\/\/api.w.org\/{rel}","templated":true}]}}